{"id":131289,"date":"2025-07-22T19:01:44","date_gmt":"2025-07-22T19:01:44","guid":{"rendered":"https:\/\/colimdo.org\/?p=131289"},"modified":"2025-07-22T19:01:44","modified_gmt":"2025-07-22T19:01:44","slug":"fedojudo-dara-inicio-a-curso-de-kata-y-defensa-personal-este-miercoles","status":"publish","type":"post","link":"https:\/\/colimdo.org\/noticias\/fedojudo-dara-inicio-a-curso-de-kata-y-defensa-personal-este-miercoles\/","title":{"rendered":"Fedojudo dar\u00e1 inicio a curso de kata y defensa personal este mi\u00e9rcoles"},"content":{"rendered":"<p><strong>SANTO DOMINGO<\/strong>. La Federaci\u00f3n Dominicana de Judo (Fedojudo), dar\u00e1 inicio este mi\u00e9rcoles a los cursos de kata y el de defensa personal para damas, dirigido a entrenadores y atletas en la Casa Nacional de ese deporte en el Centro Ol\u00edmpico.<\/p>\n<p>Los encuentros de capacitaci\u00f3n, que cuentan con el auspicio de la Federaci\u00f3n Internacional de Judo (FIJ) y el Ministerio de Deportes, tienen como expositores a la argentina Daniela Krukower y a Slavisa Bradic (Brada), de Croacia.<\/p>\n<p>La matr\u00edcula de participantes ser\u00e1 de 80, incluidas 30 mujeres, de las asociaciones de judo afiliadas a la Fedojudo.<\/p>\n<p>Los cursos se extender\u00e1n hasta el pr\u00f3ximo domingo 28 de este mes, y el programa indica que las jornadas de trabajo comenzar\u00e1n a las 9:00 de la ma\u00f1ana hasta las 12:00 del mediod\u00eda, y de 3:00 a 6:00 de la tarde, seg\u00fan dio a conocer el licenciado Gilberto Garc\u00eda, presidente de la Fedojudo.<\/p>\n<p>Slavisa Bradic y Daniela Krukower forman parte del cuerpo de entrenadores de la Academia de Capacitaci\u00f3n de la FIJ.<\/p>\n<p>El titular de la Fedojudo indic\u00f3 que los dos cursos forman parte del programa de desarrollo y capacitaci\u00f3n que lleva a cabo la entidad que dirige con el prop\u00f3sito de seguir impulsando este deporte.<\/p>\n<p>\u201cNuestro prop\u00f3sito es llevar en conjunto las diferentes \u00e1reas que componen el judo en la Rep\u00fablica Dominicana, y la capacitaci\u00f3n es de vital importancia\u201d, se\u00f1al\u00f3 Garc\u00eda, quien tuvo palabras de agradecimiento para Marius Vizer, presidente de la FIJ, por el apoyo constante a la Fedojudo.<\/p>\n<p>&nbsp;<\/p>\n<p>&nbsp;<\/p>\n<p>&nbsp;<\/p>\n","protected":false},"excerpt":{"rendered":"<p>SANTO DOMINGO. La Federaci\u00f3n Dominicana de Judo (Fedojudo), dar\u00e1 inicio este mi\u00e9rcoles a los cursos de kata y el de defensa personal para damas, dirigido a entrenadores y atletas en la Casa Nacional de ese deporte en el Centro Ol\u00edmpico. Los encuentros de capacitaci\u00f3n, que cuentan con el auspicio de la Federaci\u00f3n Internacional de Judo [&hellip;]<\/p>\n","protected":false},"author":13,"featured_media":131290,"comment_status":"closed","ping_status":"closed","sticky":false,"template":"","format":"standard","meta":[],"categories":[3,2,60],"tags":[80004],"acf":[],"_links":{"self":[{"href":"https:\/\/colimdo.org\/wp-api\/wp\/v2\/posts\/131289"}],"collection":[{"href":"https:\/\/colimdo.org\/wp-api\/wp\/v2\/posts"}],"about":[{"href":"https:\/\/colimdo.org\/wp-api\/wp\/v2\/types\/post"}],"author":[{"embeddable":true,"href":"https:\/\/colimdo.org\/wp-api\/wp\/v2\/users\/13"}],"replies":[{"embeddable":true,"href":"https:\/\/colimdo.org\/wp-api\/wp\/v2\/comments?post=131289"}],"version-history":[{"count":1,"href":"https:\/\/colimdo.org\/wp-api\/wp\/v2\/posts\/131289\/revisions"}],"predecessor-version":[{"id":131291,"href":"https:\/\/colimdo.org\/wp-api\/wp\/v2\/posts\/131289\/revisions\/131291"}],"wp:featuredmedia":[{"embeddable":true,"href":"https:\/\/colimdo.org\/wp-api\/wp\/v2\/media\/131290"}],"wp:attachment":[{"href":"https:\/\/colimdo.org\/wp-api\/wp\/v2\/media?parent=131289"}],"wp:term":[{"taxonomy":"category","embeddable":true,"href":"https:\/\/colimdo.org\/wp-api\/wp\/v2\/categories?post=131289"},{"taxonomy":"post_tag","embeddable":true,"href":"https:\/\/colimdo.org\/wp-api\/wp\/v2\/tags?post=131289"}],"curies":[{"name":"wp","href":"https:\/\/api.w.org\/{rel}","templated":true}]}}