{"id":131342,"date":"2025-07-24T02:14:42","date_gmt":"2025-07-24T02:14:42","guid":{"rendered":"https:\/\/colimdo.org\/?p=131342"},"modified":"2025-07-24T02:14:55","modified_gmt":"2025-07-24T02:14:55","slug":"fedojudo-inaugura-cursos-kata-y-defensa-personal-para-damas","status":"publish","type":"post","link":"https:\/\/colimdo.org\/noticias\/fedojudo-inaugura-cursos-kata-y-defensa-personal-para-damas\/","title":{"rendered":"Fedojudo inaugura cursos kata y defensa personal para damas\u00a0"},"content":{"rendered":"<p><strong>SANTO DOMINGO<\/strong>. El experto internacional Slavisa Bradic y el licenciado Gilberto Garc\u00eda, presidente de la Federaci\u00f3n Dominicana de Judo (Fedojudo), coincidieron en se\u00f1alar que la inversi\u00f3n en la educaci\u00f3n para formar entrenadores es una garant\u00eda del desarrollo de los atletas con una base s\u00f3lida.<\/p>\n<p>Bradic, quien forma parte del cuerpo de entrenadores de la Academia de Capacitaci\u00f3n de la FIJ, y el titular de la Fedojudo Garc\u00eda, encabezaron este mi\u00e9rcoles la inauguraci\u00f3n oficial de los cursos de kata y el de defensa personal para damas en la Casa Nacional del Judo del Centro Ol\u00edmpico.<\/p>\n<p>\u201cFelicitamos a la Federaci\u00f3n Dominicana de Judo por la iniciativa de capacitar a sus entrenadores y por la buena visi\u00f3n hacia el futuro, con la mejor inversi\u00f3n en la educaci\u00f3n y la preparaci\u00f3n\u201d, dijo Bradic.<\/p>\n<p>Los encuentros de capacitaci\u00f3n, que cuentan con el auspicio de la Federaci\u00f3n Internacional de Judo (FIJ) y el Ministerio de Deportes, tiene adem\u00e1s como expositora a la argentina Daniela Krukower.<\/p>\n<p>Un total de 80 personas, entre entrenadores y atletas, incluidas 30 damas, participan en la jornada de capacitaci\u00f3n, la cual se realizar\u00e1 hasta el pr\u00f3ximo s\u00e1bado.<\/p>\n<p>\u201cLa capacitaci\u00f3n es una de las \u00e1reas fundamentales para desarrollar el judo. Es un compromiso que asumimos para elevar el nivel de los entrenadores y atletas\u201d, destac\u00f3 el licenciado Garc\u00eda, quien resalt\u00f3 adem\u00e1s el apoyo del se\u00f1or Marius Vizer, presidente de la FIJ.<\/p>\n<p>Slavisa Bradic y Daniela Krukower forman parte del cuerpo de entrenadores de la Academia de Capacitaci\u00f3n de la FIJ.<\/p>\n<p>Mientras, el viceministro de Deportes, Franklin De la Mota, consider\u00f3 que los entrenadores son el producto que permite la formaci\u00f3n y desarrollo de los atletas. \u201cLa capacitaci\u00f3n de los entrenadores es una base importante para que un deportista logre sus objetivos de llegar a lo m\u00e1s alto\u201d, a\u00f1adi\u00f3.<\/p>\n<p>En la actividad estuvieron adem\u00e1s S\u00f3crates Cuello, presidente Asojudina; el coronel Domingo Batista, cuarto dan; Antonio Guti\u00e9rrez, de UNASCO, AS\u00cd COMO Luisa, secretaria general Fedojudo, y Wilkin Ogando, director t\u00e9cnico de la entidad.<\/p>\n<p>Las jornadas de trabajo inician a las 9:00 de la ma\u00f1ana hasta las 12:00 del mediod\u00eda, y de 3:00 a 6:00 de la tarde, seg\u00fan dio a conocer el licenciado Gilberto Garc\u00eda, presidente de la Fedojudo.<\/p>\n<p>&nbsp;<\/p>\n<p>&nbsp;<\/p>\n<p>&nbsp;<\/p>\n","protected":false},"excerpt":{"rendered":"<p>SANTO DOMINGO. El experto internacional Slavisa Bradic y el licenciado Gilberto Garc\u00eda, presidente de la Federaci\u00f3n Dominicana de Judo (Fedojudo), coincidieron en se\u00f1alar que la inversi\u00f3n en la educaci\u00f3n para formar entrenadores es una garant\u00eda del desarrollo de los atletas con una base s\u00f3lida. Bradic, quien forma parte del cuerpo de entrenadores de la Academia [&hellip;]<\/p>\n","protected":false},"author":13,"featured_media":131343,"comment_status":"closed","ping_status":"closed","sticky":false,"template":"","format":"standard","meta":[],"categories":[3,2,60],"tags":[80004],"acf":[],"_links":{"self":[{"href":"https:\/\/colimdo.org\/wp-api\/wp\/v2\/posts\/131342"}],"collection":[{"href":"https:\/\/colimdo.org\/wp-api\/wp\/v2\/posts"}],"about":[{"href":"https:\/\/colimdo.org\/wp-api\/wp\/v2\/types\/post"}],"author":[{"embeddable":true,"href":"https:\/\/colimdo.org\/wp-api\/wp\/v2\/users\/13"}],"replies":[{"embeddable":true,"href":"https:\/\/colimdo.org\/wp-api\/wp\/v2\/comments?post=131342"}],"version-history":[{"count":1,"href":"https:\/\/colimdo.org\/wp-api\/wp\/v2\/posts\/131342\/revisions"}],"predecessor-version":[{"id":131344,"href":"https:\/\/colimdo.org\/wp-api\/wp\/v2\/posts\/131342\/revisions\/131344"}],"wp:featuredmedia":[{"embeddable":true,"href":"https:\/\/colimdo.org\/wp-api\/wp\/v2\/media\/131343"}],"wp:attachment":[{"href":"https:\/\/colimdo.org\/wp-api\/wp\/v2\/media?parent=131342"}],"wp:term":[{"taxonomy":"category","embeddable":true,"href":"https:\/\/colimdo.org\/wp-api\/wp\/v2\/categories?post=131342"},{"taxonomy":"post_tag","embeddable":true,"href":"https:\/\/colimdo.org\/wp-api\/wp\/v2\/tags?post=131342"}],"curies":[{"name":"wp","href":"https:\/\/api.w.org\/{rel}","templated":true}]}}