{"id":131421,"date":"2025-07-27T13:13:24","date_gmt":"2025-07-27T13:13:24","guid":{"rendered":"https:\/\/colimdo.org\/?p=131421"},"modified":"2025-07-27T13:13:24","modified_gmt":"2025-07-27T13:13:24","slug":"liranyi-alonso-sigue-brillando-en-europa","status":"publish","type":"post","link":"https:\/\/colimdo.org\/noticias\/liranyi-alonso-sigue-brillando-en-europa\/","title":{"rendered":"Liranyi Alonso sigue brillando en Europa, gana oro en Luxemburgo"},"content":{"rendered":"<p>La velocista Liranyi Alonso ocup\u00f3 el primer lugar de los 100 metros planos en el Meeting Internacional de Buedemleer en Luxemburgo, al cronometrar 11.15 segundos con viento de\u00a0 +0.3.<\/p>\n<p>Alonso, quien esta semana en Sueica hab\u00eda establecido una nueva marca nacional con 11.14 segundos, volvi\u00f3 establecer un nuevo r\u00e9cord nacional al correr para 11.13 durante la semifinal de la competici\u00f3n en Luxemburgo.<\/p>\n<p>En la final Liranyi super\u00f3 a h\u00fangara Blogarka Takacs (11.18), que ocup\u00f3 el segundo puesto y a la jamaiquina Kemba Nelson (11.21), que finaliz\u00f3 de tercero. Briana Williams (11.29) y Krystal\u00a0 Sloley (11.33) cerraron cuarta y quinta.<\/p>\n<p>La informaci\u00f3n fue dada a conocer por su entrenador Jos\u00e9 Ludwig Rubio, quien destac\u00f3 el progreso que ha estado mostrando la veleocista de 19 a\u00f1os nacida en La Vega.<\/p>\n<p>&#8220;Lo m\u00e1s impresionante es su consistencia de alto nivel, habiendo establecido 11.14 en Suecia y ahora mejorando esa marca en suelo luxemburgu\u00e9s, consolid\u00e1ndose como una de las velocistas m\u00e1s explosivas del Caribe y una candidata fuerte rumbo a los Juegos Panamericanos Junior y Los \u00c1ngeles 2028&#8221;, se\u00f1al\u00f3 el t\u00e9cnico dominicano Rubio.<\/p>\n<p>En la primera versi\u00f3n de los Panam Junior en 2021, celebrada en Cali, Colombia, Alonso dio muestras de su potencial al ocupar la cuarta posici\u00f3n de los 100 metros con marca de 11.62 segundos. En los campeonatos nacionales de 2023 y 2024 se consagr\u00f3 como la n\u00famero uno del pa\u00eds al establecer 11.70 y 11.51, respectivamente.<\/p>\n<p>&nbsp;<\/p>\n<p>&nbsp;<\/p>\n<p>&nbsp;<\/p>\n<p>&nbsp;<\/p>\n","protected":false},"excerpt":{"rendered":"<p>La velocista Liranyi Alonso ocup\u00f3 el primer lugar de los 100 metros planos en el Meeting Internacional de Buedemleer en Luxemburgo, al cronometrar 11.15 segundos con viento de\u00a0 +0.3. Alonso, quien esta semana en Sueica hab\u00eda establecido una nueva marca nacional con 11.14 segundos, volvi\u00f3 establecer un nuevo r\u00e9cord nacional al correr para 11.13 durante [&hellip;]<\/p>\n","protected":false},"author":20,"featured_media":131422,"comment_status":"closed","ping_status":"closed","sticky":false,"template":"","format":"standard","meta":[],"categories":[3,83143,2],"tags":[25454],"acf":[],"_links":{"self":[{"href":"https:\/\/colimdo.org\/wp-api\/wp\/v2\/posts\/131421"}],"collection":[{"href":"https:\/\/colimdo.org\/wp-api\/wp\/v2\/posts"}],"about":[{"href":"https:\/\/colimdo.org\/wp-api\/wp\/v2\/types\/post"}],"author":[{"embeddable":true,"href":"https:\/\/colimdo.org\/wp-api\/wp\/v2\/users\/20"}],"replies":[{"embeddable":true,"href":"https:\/\/colimdo.org\/wp-api\/wp\/v2\/comments?post=131421"}],"version-history":[{"count":1,"href":"https:\/\/colimdo.org\/wp-api\/wp\/v2\/posts\/131421\/revisions"}],"predecessor-version":[{"id":131423,"href":"https:\/\/colimdo.org\/wp-api\/wp\/v2\/posts\/131421\/revisions\/131423"}],"wp:featuredmedia":[{"embeddable":true,"href":"https:\/\/colimdo.org\/wp-api\/wp\/v2\/media\/131422"}],"wp:attachment":[{"href":"https:\/\/colimdo.org\/wp-api\/wp\/v2\/media?parent=131421"}],"wp:term":[{"taxonomy":"category","embeddable":true,"href":"https:\/\/colimdo.org\/wp-api\/wp\/v2\/categories?post=131421"},{"taxonomy":"post_tag","embeddable":true,"href":"https:\/\/colimdo.org\/wp-api\/wp\/v2\/tags?post=131421"}],"curies":[{"name":"wp","href":"https:\/\/api.w.org\/{rel}","templated":true}]}}