{"id":131608,"date":"2025-08-01T19:51:57","date_gmt":"2025-08-01T19:51:57","guid":{"rendered":"https:\/\/colimdo.org\/?p=131608"},"modified":"2025-08-01T19:51:57","modified_gmt":"2025-08-01T19:51:57","slug":"jose-reyes-regresa-a-los-gigantes-del-cibao-como-embajador","status":"publish","type":"post","link":"https:\/\/colimdo.org\/noticias\/jose-reyes-regresa-a-los-gigantes-del-cibao-como-embajador\/","title":{"rendered":"Jos\u00e9 Reyes regresa a los Gigantes del Cibao como embajador"},"content":{"rendered":"<p>Los Gigantes anuncian el regreso de Jos\u00e9 Reyes\u00a0 a la franquicia de San Francisco de Macor\u00eds, ahora como embajador y figura con distintas funciones para realizar antes, durante y despu\u00e9s de la temporada.<\/p>\n<p>El conocido expelotero formaliz\u00f3 su regreso a los del Jaya, tras una reuni\u00f3n con el presidente del equipo, Alfredo Acebal Rizek y al gerente de mercadeo, Rafael Alm\u00e1nzar el pasado mi\u00e9rcoles.<\/p>\n<p>Reyes, quien jug\u00f3 \u00fanicamente en la pelota local con la franquicia de los Gigasntes durante cuatro campa\u00f1as entre el a\u00f1o 2000 y el 2004, se mostr\u00f3 feliz de regresar al equipo que le dio la oportunidad de jugar en LIDOM y con quien siente un v\u00ednculo muy especial.<\/p>\n<p>\u201cQu\u00e9 bien se siente volver a vestir esta chaqueta, es especial ya que fue la franquicia que crey\u00f3 en m\u00ed y me dio la oportunidad de jugar en LIDOM cuando apenas estaba iniciando mi carrera, sinceramente estoy feliz de volver y listo para ayudar a nuestros jugadores\u201d, expres\u00f3 Reyes.<\/p>\n<p>Como parte de las funciones que tendr\u00e1 el nuevo embajador de los Gigantes del Cibao ser\u00e1 como imagen promocional de la franquicia, participaci\u00f3n en actividades y eventos organizados por el equipo, visitas al estadio Juli\u00e1n Javier y fuera para compartir con los jugadores, adem\u00e1s de ser un mentor para nuestros j\u00f3venes, adem\u00e1s realizar\u00e1 cl\u00ednicas de b\u00e9isbol y firmar\u00e1 aut\u00f3grafos a los fan\u00e1ticos.<\/p>\n","protected":false},"excerpt":{"rendered":"<p>Los Gigantes anuncian el regreso de Jos\u00e9 Reyes\u00a0 a la franquicia de San Francisco de Macor\u00eds, ahora como embajador y figura con distintas funciones para realizar antes, durante y despu\u00e9s de la temporada. El conocido expelotero formaliz\u00f3 su regreso a los del Jaya, tras una reuni\u00f3n con el presidente del equipo, Alfredo Acebal Rizek y [&hellip;]<\/p>\n","protected":false},"author":20,"featured_media":131609,"comment_status":"closed","ping_status":"closed","sticky":false,"template":"","format":"standard","meta":[],"categories":[83143,2],"tags":[100786],"acf":[],"_links":{"self":[{"href":"https:\/\/colimdo.org\/wp-api\/wp\/v2\/posts\/131608"}],"collection":[{"href":"https:\/\/colimdo.org\/wp-api\/wp\/v2\/posts"}],"about":[{"href":"https:\/\/colimdo.org\/wp-api\/wp\/v2\/types\/post"}],"author":[{"embeddable":true,"href":"https:\/\/colimdo.org\/wp-api\/wp\/v2\/users\/20"}],"replies":[{"embeddable":true,"href":"https:\/\/colimdo.org\/wp-api\/wp\/v2\/comments?post=131608"}],"version-history":[{"count":1,"href":"https:\/\/colimdo.org\/wp-api\/wp\/v2\/posts\/131608\/revisions"}],"predecessor-version":[{"id":131610,"href":"https:\/\/colimdo.org\/wp-api\/wp\/v2\/posts\/131608\/revisions\/131610"}],"wp:featuredmedia":[{"embeddable":true,"href":"https:\/\/colimdo.org\/wp-api\/wp\/v2\/media\/131609"}],"wp:attachment":[{"href":"https:\/\/colimdo.org\/wp-api\/wp\/v2\/media?parent=131608"}],"wp:term":[{"taxonomy":"category","embeddable":true,"href":"https:\/\/colimdo.org\/wp-api\/wp\/v2\/categories?post=131608"},{"taxonomy":"post_tag","embeddable":true,"href":"https:\/\/colimdo.org\/wp-api\/wp\/v2\/tags?post=131608"}],"curies":[{"name":"wp","href":"https:\/\/api.w.org\/{rel}","templated":true}]}}