{"id":132344,"date":"2025-08-25T17:08:24","date_gmt":"2025-08-25T17:08:24","guid":{"rendered":"https:\/\/colimdo.org\/?p=132344"},"modified":"2025-08-25T17:08:24","modified_gmt":"2025-08-25T17:08:24","slug":"fedojudo-realiza-investidura-de-nuevos-entrenadores","status":"publish","type":"post","link":"https:\/\/colimdo.org\/noticias\/fedojudo-realiza-investidura-de-nuevos-entrenadores\/","title":{"rendered":"Fedojudo realiza investidura de nuevos entrenadores"},"content":{"rendered":"<p><span lang=\"ES-DO\">Un total de 45 nuevos entrenadores de judo realizaron la investidura y el derecho de comenzar a trabajar en sus diferentes comunidades tras los conocimientos adquiridos en el curso que imparti\u00f3 la Federaci\u00f3n Dominicana de esa disciplina.<\/span><\/p>\n<p><span lang=\"ES-DO\">La graduaci\u00f3n del\u00a0<\/span><span lang=\"ES-DO\">Curso B\u00e1sico para Entrenadores de Judo Nivel I<\/span><span lang=\"ES-DO\">, con sus respectivos certificados, fue encabezada por los directivos de la Federaci\u00f3n Dominicana de Judo (Fedojudo), durante el vistoso acto celebrado en el sal\u00f3n de actividades de la entidad deportiva enclavada en el Centro Ol\u00edmpico.<\/span><\/p>\n<p><span lang=\"ES-DO\">El presidente de la Fedojudo, licenciado Gilberto Garc\u00eda, encabez\u00f3 la ceremonia, en la cual estuvieron adem\u00e1s la licenciada Luisa Mart\u00ednez, secretaria general, y Wilkin Ogando, director t\u00e9cnico del organismo, y otros directivos.<\/span><\/p>\n<p><span lang=\"ES-DO\">\u201cEstamos trabajando con un punto importante para el desarrollo del judo en el pa\u00eds, que es la formaci\u00f3n de entrenadores, capacitados y con el deseo de contribuir a que este deporte siga creciendo\u201d, asegur\u00f3 el licenciado Garc\u00eda.<\/span><\/p>\n<p><span lang=\"ES-DO\">El encuentro de capacitaci\u00f3n, organizado por la Fedojudo, cont\u00f3 con la participaci\u00f3n de entrenadores nacionales y provinciales.<\/span><\/p>\n<p><span lang=\"ES-DO\">El instructor principal que imparti\u00f3 el curso fue el metod\u00f3logo cubano Francisco Delgado, quien tuvo la asistencia de Wilkin Ogando Adames, director t\u00e9cnico de la Fedojudo.<\/span><\/p>\n<p><span lang=\"ES-DO\">El programa incluy\u00f3 cuatro jornadas de trabajo distribuidas en los tres d\u00edas que tuvo de duraci\u00f3n el curso de capacitaci\u00f3n de la Fedojudo.<\/span><\/p>\n<p><span lang=\"ES-DO\">La actividad form\u00f3 parte del programa de capacitaci\u00f3n que realiza la entidad deportiva con el inter\u00e9s de dotar de conocimientos<b>\u00a0<\/b>a los entrenadores nacionales y provinciales.<\/span><\/p>\n","protected":false},"excerpt":{"rendered":"<p>Un total de 45 nuevos entrenadores de judo realizaron la investidura y el derecho de comenzar a trabajar en sus diferentes comunidades tras los conocimientos adquiridos en el curso que imparti\u00f3 la Federaci\u00f3n Dominicana de esa disciplina. La graduaci\u00f3n del\u00a0Curso B\u00e1sico para Entrenadores de Judo Nivel I, con sus respectivos certificados, fue encabezada por los [&hellip;]<\/p>\n","protected":false},"author":20,"featured_media":132345,"comment_status":"closed","ping_status":"closed","sticky":false,"template":"","format":"standard","meta":[],"categories":[3,83143,2],"tags":[24284],"acf":[],"_links":{"self":[{"href":"https:\/\/colimdo.org\/wp-api\/wp\/v2\/posts\/132344"}],"collection":[{"href":"https:\/\/colimdo.org\/wp-api\/wp\/v2\/posts"}],"about":[{"href":"https:\/\/colimdo.org\/wp-api\/wp\/v2\/types\/post"}],"author":[{"embeddable":true,"href":"https:\/\/colimdo.org\/wp-api\/wp\/v2\/users\/20"}],"replies":[{"embeddable":true,"href":"https:\/\/colimdo.org\/wp-api\/wp\/v2\/comments?post=132344"}],"version-history":[{"count":1,"href":"https:\/\/colimdo.org\/wp-api\/wp\/v2\/posts\/132344\/revisions"}],"predecessor-version":[{"id":132346,"href":"https:\/\/colimdo.org\/wp-api\/wp\/v2\/posts\/132344\/revisions\/132346"}],"wp:featuredmedia":[{"embeddable":true,"href":"https:\/\/colimdo.org\/wp-api\/wp\/v2\/media\/132345"}],"wp:attachment":[{"href":"https:\/\/colimdo.org\/wp-api\/wp\/v2\/media?parent=132344"}],"wp:term":[{"taxonomy":"category","embeddable":true,"href":"https:\/\/colimdo.org\/wp-api\/wp\/v2\/categories?post=132344"},{"taxonomy":"post_tag","embeddable":true,"href":"https:\/\/colimdo.org\/wp-api\/wp\/v2\/tags?post=132344"}],"curies":[{"name":"wp","href":"https:\/\/api.w.org\/{rel}","templated":true}]}}