{"id":132560,"date":"2025-09-03T03:48:54","date_gmt":"2025-09-03T03:48:54","guid":{"rendered":"https:\/\/colimdo.org\/?p=132560"},"modified":"2025-09-03T03:48:54","modified_gmt":"2025-09-03T03:48:54","slug":"copa-davis-republica-dominicana-y-ucrania-se-enfrentran-en-turquia","status":"publish","type":"post","link":"https:\/\/colimdo.org\/noticias\/copa-davis-republica-dominicana-y-ucrania-se-enfrentran-en-turquia\/","title":{"rendered":"Copa Davis: Rep\u00fablica Dominicana y Ucrania se enfrentr\u00e1n en Turqu\u00eda"},"content":{"rendered":"<p class=\"yiv8741545208MsoNormal\"><span lang=\"ES-DO\">La ciudad de Antalya, de Turqu\u00eda, acoger\u00e1 la serie de Copa Davis entre los equipos de Rep\u00fablica Dominicana y Ucrania, que tiene fecha del 12 y 13 de septiembre del presente a\u00f1o.<\/span><\/p>\n<p class=\"yiv8741545208MsoNormal\">Tanto Rep\u00fablica Dominicana como Ucrania jugar\u00e1n la segunda ronda del Grupo II Mundial de Copa Davis.\u00a0<span lang=\"ES-DO\">Ucrania busc\u00f3 una serie alterna, por lo que jugar\u00e1n como locales en Antalya, en una cancha con superficie arcilla roja. \u00a0<\/span><\/p>\n<p class=\"yiv8741545208MsoNormal\"><span lang=\"ES-DO\">\u201cPor nuestra parte estamos bien c\u00f3modos con la elecci\u00f3n, ya que el clima ser\u00e1 caliente, con una cancha de arcilla roja, es algo que mis jugadores est\u00e1n acostumbrado, estamos positivo por la elecci\u00f3n\u201d, indic\u00f3 Jhonny Berrido, capit\u00e1n del equipo dominicano para Copa Davis. \u00a0<\/span><\/p>\n<p class=\"yiv8741545208MsoNormal\"><span lang=\"ES-DO\">\u201cSer\u00e1 un fin de semana de buen tenis, muy importante para nosotros, porque si ganamos, pasamos al grupo I Mundial\u201d, sostuvo un entusiasmado Berrido. \u00a0<\/span><\/p>\n<p class=\"yiv8741545208MsoNormal\">\u201cRespeto al equipo de Ucrania, tiene un buen equipo, al igual que nosotros.\u00a0<span lang=\"ES-DO\">He estado conversando con mis jugadores, est\u00e1n listos para competir al m\u00e1ximo ese fin de semana\u201d, manifest\u00f3 Berrido, quien hizo un llamado a los dominicanos que viven en esa ciudad. \u201cEsperamos ese apoyo de ustedes, los que viven all\u00e1 y los que puedan viajar y estar con nosotros\u201d.<\/span><\/p>\n<p class=\"yiv8741545208MsoNormal\"><span lang=\"ES-DO\">Anunci\u00f3 que el equipo nacional estar\u00e1 compuesto por Roberto Cid, primera raqueta nacional, la segunda Peter Bertran, le siguen como tercero y cuarto, los jugadores Enmanuel Mu\u00f1oz y Alejandro Gandini. Sergio Tobal ser\u00e1 el delegado del equipo nacional. \u00a0<\/span><\/p>\n<p class=\"yiv8741545208MsoNormal\"><span lang=\"ES-DO\">En febrero del presente a\u00f1o, Rep\u00fablica Dominicana asegur\u00f3 su pase a esta instancia\u00a0tras imponerse 3-1 a Bolivia en una serie marcada por la intensidad en el Centro Nacional de Tenis, en el Parque del Este.<\/span><\/p>\n","protected":false},"excerpt":{"rendered":"<p>La ciudad de Antalya, de Turqu\u00eda, acoger\u00e1 la serie de Copa Davis entre los equipos de Rep\u00fablica Dominicana y Ucrania, que tiene fecha del 12 y 13 de septiembre del presente a\u00f1o. Tanto Rep\u00fablica Dominicana como Ucrania jugar\u00e1n la segunda ronda del Grupo II Mundial de Copa Davis.\u00a0Ucrania busc\u00f3 una serie alterna, por lo que [&hellip;]<\/p>\n","protected":false},"author":20,"featured_media":132561,"comment_status":"closed","ping_status":"closed","sticky":false,"template":"","format":"standard","meta":[],"categories":[3,5,2],"tags":[24321],"acf":[],"_links":{"self":[{"href":"https:\/\/colimdo.org\/wp-api\/wp\/v2\/posts\/132560"}],"collection":[{"href":"https:\/\/colimdo.org\/wp-api\/wp\/v2\/posts"}],"about":[{"href":"https:\/\/colimdo.org\/wp-api\/wp\/v2\/types\/post"}],"author":[{"embeddable":true,"href":"https:\/\/colimdo.org\/wp-api\/wp\/v2\/users\/20"}],"replies":[{"embeddable":true,"href":"https:\/\/colimdo.org\/wp-api\/wp\/v2\/comments?post=132560"}],"version-history":[{"count":1,"href":"https:\/\/colimdo.org\/wp-api\/wp\/v2\/posts\/132560\/revisions"}],"predecessor-version":[{"id":132562,"href":"https:\/\/colimdo.org\/wp-api\/wp\/v2\/posts\/132560\/revisions\/132562"}],"wp:featuredmedia":[{"embeddable":true,"href":"https:\/\/colimdo.org\/wp-api\/wp\/v2\/media\/132561"}],"wp:attachment":[{"href":"https:\/\/colimdo.org\/wp-api\/wp\/v2\/media?parent=132560"}],"wp:term":[{"taxonomy":"category","embeddable":true,"href":"https:\/\/colimdo.org\/wp-api\/wp\/v2\/categories?post=132560"},{"taxonomy":"post_tag","embeddable":true,"href":"https:\/\/colimdo.org\/wp-api\/wp\/v2\/tags?post=132560"}],"curies":[{"name":"wp","href":"https:\/\/api.w.org\/{rel}","templated":true}]}}