{"id":132737,"date":"2025-09-08T19:25:58","date_gmt":"2025-09-08T19:25:58","guid":{"rendered":"https:\/\/colimdo.org\/?p=132737"},"modified":"2025-09-08T19:25:58","modified_gmt":"2025-09-08T19:25:58","slug":"equipo-dominicano-de-copa-davis-se-prepara-para-enfrentar-a-ucrania-en-turquia","status":"publish","type":"post","link":"https:\/\/colimdo.org\/noticias\/equipo-dominicano-de-copa-davis-se-prepara-para-enfrentar-a-ucrania-en-turquia\/","title":{"rendered":"Equipo dominicano de Copa Davis se prepara para enfrentar a Ucrania en Turqu\u00eda"},"content":{"rendered":"<p class=\"yiv6203703524MsoNormal\"><span lang=\"ES-DO\">El equipo dominicano de Copa Davis ya se encuentra en Antalya, Turqu\u00eda,\u00a0para jugar su serie ante su similar de Ucrania y buscar el ascenso al Grupo I Mundial. \u00a0<\/span><\/p>\n<p class=\"yiv6203703524MsoNormal\"><span lang=\"ES-DO\">Los dominicanos Roberto Cid, Peter Bertran, Enmanuel Mu\u00f1oz y Alejandro Gandini viajaron este fin de semana a Turqu\u00eda y este lunes sostuvieron dos sesiones de pr\u00e1ctica. \u00a0<\/span><\/p>\n<p class=\"yiv6203703524MsoNormal\"><span lang=\"ES-DO\">La delegaci\u00f3n dominicana est\u00e1 compuesta por Cid como primera raqueta, segunda Bertran, le siguen Mu\u00f1oz y Gandini. El equipo tiene a Jhonny Berrido como capit\u00e1n, Sergio Tobal el delegado. \u00a0<\/span><\/p>\n<p class=\"yiv6203703524MsoNormal\"><span lang=\"ES-DO\">La ciudad de Antalya, de Turqu\u00eda, acoger\u00e1 la serie de Copa Davis entre los equipos de Dominicana y Ucrania, que tiene fecha del 12 y 13 de septiembre del presente a\u00f1o.<\/span><\/p>\n<p class=\"yiv6203703524MsoNormal\"><span lang=\"ES-DO\">Tanto Rep\u00fablica Dominicana como Ucrania jugar\u00e1n la segunda ronda del Grupo II Mundial de Copa Davis.\u00a0Ucrania busc\u00f3 una serie alterna, por lo que jugar\u00e1n como locales en Antalya, en una cancha con superficie arcilla roja. \u00a0<\/span><\/p>\n<p class=\"yiv6203703524MsoNormal\">Hablan Cid y Betran<\/p>\n<p class=\"yiv6203703524MsoNormal\">\u201cMuy contento de estar aqu\u00ed y representar a Dominicana de nuevo en Copa Davis. Muy buena primera pr\u00e1ctica todos aqu\u00ed juntos, nos estamos acoplando al clima, a la superficie, al cambio de horario, nos hemos sentido bien\u201d, manifest\u00f3 Cid, primera raqueta nacional.\u00a0<span lang=\"ES-DO\">\u201cBuen inicio, tenemos tiempo para hacer los ajustes, estamos positivos para el duelo\u201d. \u00a0<\/span><\/p>\n<p class=\"yiv6203703524MsoNormal\"><span lang=\"ES-DO\">Mientras que Bertran expres\u00f3 que: \u201cEl equipo viene muy motivado, un viaje bastante largo, pero estamos de buen \u00e1nimo, sintiendo el ritmo y la cancha, un poco pesada, pero como es el primer d\u00eda, sabemos que le van a seguir dando mantenimiento. Es mi primera vez aqu\u00ed, y lo mejor es llegar con buena actitud. Es un buen equipo, nos llevamos muy bien todos\u201d.<\/span><\/p>\n","protected":false},"excerpt":{"rendered":"<p>El equipo dominicano de Copa Davis ya se encuentra en Antalya, Turqu\u00eda,\u00a0para jugar su serie ante su similar de Ucrania y buscar el ascenso al Grupo I Mundial. \u00a0 Los dominicanos Roberto Cid, Peter Bertran, Enmanuel Mu\u00f1oz y Alejandro Gandini viajaron este fin de semana a Turqu\u00eda y este lunes sostuvieron dos sesiones de pr\u00e1ctica. [&hellip;]<\/p>\n","protected":false},"author":20,"featured_media":132738,"comment_status":"closed","ping_status":"closed","sticky":false,"template":"","format":"standard","meta":[],"categories":[3,2],"tags":[24321,76],"acf":[],"_links":{"self":[{"href":"https:\/\/colimdo.org\/wp-api\/wp\/v2\/posts\/132737"}],"collection":[{"href":"https:\/\/colimdo.org\/wp-api\/wp\/v2\/posts"}],"about":[{"href":"https:\/\/colimdo.org\/wp-api\/wp\/v2\/types\/post"}],"author":[{"embeddable":true,"href":"https:\/\/colimdo.org\/wp-api\/wp\/v2\/users\/20"}],"replies":[{"embeddable":true,"href":"https:\/\/colimdo.org\/wp-api\/wp\/v2\/comments?post=132737"}],"version-history":[{"count":1,"href":"https:\/\/colimdo.org\/wp-api\/wp\/v2\/posts\/132737\/revisions"}],"predecessor-version":[{"id":132739,"href":"https:\/\/colimdo.org\/wp-api\/wp\/v2\/posts\/132737\/revisions\/132739"}],"wp:featuredmedia":[{"embeddable":true,"href":"https:\/\/colimdo.org\/wp-api\/wp\/v2\/media\/132738"}],"wp:attachment":[{"href":"https:\/\/colimdo.org\/wp-api\/wp\/v2\/media?parent=132737"}],"wp:term":[{"taxonomy":"category","embeddable":true,"href":"https:\/\/colimdo.org\/wp-api\/wp\/v2\/categories?post=132737"},{"taxonomy":"post_tag","embeddable":true,"href":"https:\/\/colimdo.org\/wp-api\/wp\/v2\/tags?post=132737"}],"curies":[{"name":"wp","href":"https:\/\/api.w.org\/{rel}","templated":true}]}}