{"id":133038,"date":"2025-09-19T17:22:23","date_gmt":"2025-09-19T17:22:23","guid":{"rendered":"https:\/\/colimdo.org\/?p=133038"},"modified":"2025-09-19T17:22:23","modified_gmt":"2025-09-19T17:22:23","slug":"comite-paralimpico-entrega-placa-de-reconocimiento-al-cod","status":"publish","type":"post","link":"https:\/\/colimdo.org\/noticias\/comite-paralimpico-entrega-placa-de-reconocimiento-al-cod\/","title":{"rendered":"Comit\u00e9 Paral\u00edmpico entrega placa de reconocimiento al COD"},"content":{"rendered":"<div>El Comit\u00e9 Paral\u00edmpico Dominicano \u00a0(Copadom) entreg\u00f3 una placa de reconocimiento al Comit\u00e9 Ol\u00edmpico Dominicano (COD) en reconocimiento al apoyo del desarrollo del deporte paral\u00edmpico en el pa\u00eds.<\/div>\n<div><\/div>\n<div>Eladio Agramonte, presidente del Comit\u00e9 Paral\u00edmpico; Alberto Alm\u00e1nzar, director t\u00e9cnico, y Bienvenido Zorrilla, secretario general, \u00a0hicieron entrega de la distinci\u00f3n en el breve acto celebrado el jueves en la sede del COD.<\/div>\n<div><\/div>\n<div>El titular de Copadom se\u00f1al\u00f3 que la entrega de la placa al COD es en reconocimiento por el apoyo y el esfuerzo para que fuera una realidad la conformaci\u00f3n del comit\u00e9 paral\u00edmpico desde el 2008.<\/div>\n<div><\/div>\n<div>\u201cQueremos reconocer al Comit\u00e9 Ol\u00edmpico, en especial al comit\u00e9 ejecutivo del 2008, por el apoyo para que nos convirti\u00e9ramos en una instituci\u00f3n que cada d\u00eda ha venido creciendo\u201d, destac\u00f3 Agramonte.<\/div>\n<div><\/div>\n<div>El presidente del COD, ingeniero Garibaldy Bautista, agradeci\u00f3 la distinci\u00f3n, junto a loso dem\u00e1s miembros del ejecutivo del organismo, entre ellos: Jos\u00e9 Mera, Gary Hern\u00e1ndez, Dulce Mar\u00eda Pi\u00f1a, Jos\u00e9 Miguel Robiou, Jorge Blas D\u00edaz, Miguel Rivera, Miguel Camacho \u00a0y Rub\u00e9n Tejeda.<\/div>\n<div><\/div>\n<div>Agramonte justific\u00f3 la distinci\u00f3n al COD al cumplirse el jueves 18 de este mes el 15 aniversario de fundado el Copadom y el papel que jug\u00f3 el organismo ol\u00edmpico para que fuera una realidad.<\/div>\n<div><\/div>\n<div>Record\u00f3 que, para ese entonces, el COD nombr\u00f3 una comisi\u00f3n encabezada por Ram\u00f3n Aybar y Juan Luis Rodr\u00edguez, quienes dieron los primeros pasos para la conformaci\u00f3n del Comit\u00e9 Paral\u00edmpico Dominicano.<\/div>\n<div><\/div>\n<div>\u201cSin la sombrilla del Comit\u00e9 Ol\u00edmpico no se pod\u00eda ejecutar los trabajos de desarrollar el deporte paral\u00edmpico en el pa\u00eds\u201d, insisti\u00f3 Agramonte.<\/div>\n<div><\/div>\n<div>Mientras, el titular del COD agreg\u00f3: \u201cEl movimiento ol\u00edmpico le est\u00e1 dando y le seguir\u00e1 dando todo el apoyo necesario al Comit\u00e9 Paral\u00edmpico para todas sus actividades\u201d.<\/div>\n<div><\/div>\n<div>El acto de reconocimiento se llev\u00f3 a cabo en el sal\u00f3n Juan Ulises Garc\u00eda Saleta del COD al concluir la asamblea general extraordinaria convocada por el organismo ol\u00edmpico.<\/div>\n","protected":false},"excerpt":{"rendered":"<p>El Comit\u00e9 Paral\u00edmpico Dominicano \u00a0(Copadom) entreg\u00f3 una placa de reconocimiento al Comit\u00e9 Ol\u00edmpico Dominicano (COD) en reconocimiento al apoyo del desarrollo del deporte paral\u00edmpico en el pa\u00eds. Eladio Agramonte, presidente del Comit\u00e9 Paral\u00edmpico; Alberto Alm\u00e1nzar, director t\u00e9cnico, y Bienvenido Zorrilla, secretario general, \u00a0hicieron entrega de la distinci\u00f3n en el breve acto celebrado el jueves en [&hellip;]<\/p>\n","protected":false},"author":20,"featured_media":133039,"comment_status":"closed","ping_status":"closed","sticky":false,"template":"","format":"standard","meta":[],"categories":[2,79855,60],"tags":[79,80852],"acf":[],"_links":{"self":[{"href":"https:\/\/colimdo.org\/wp-api\/wp\/v2\/posts\/133038"}],"collection":[{"href":"https:\/\/colimdo.org\/wp-api\/wp\/v2\/posts"}],"about":[{"href":"https:\/\/colimdo.org\/wp-api\/wp\/v2\/types\/post"}],"author":[{"embeddable":true,"href":"https:\/\/colimdo.org\/wp-api\/wp\/v2\/users\/20"}],"replies":[{"embeddable":true,"href":"https:\/\/colimdo.org\/wp-api\/wp\/v2\/comments?post=133038"}],"version-history":[{"count":1,"href":"https:\/\/colimdo.org\/wp-api\/wp\/v2\/posts\/133038\/revisions"}],"predecessor-version":[{"id":133040,"href":"https:\/\/colimdo.org\/wp-api\/wp\/v2\/posts\/133038\/revisions\/133040"}],"wp:featuredmedia":[{"embeddable":true,"href":"https:\/\/colimdo.org\/wp-api\/wp\/v2\/media\/133039"}],"wp:attachment":[{"href":"https:\/\/colimdo.org\/wp-api\/wp\/v2\/media?parent=133038"}],"wp:term":[{"taxonomy":"category","embeddable":true,"href":"https:\/\/colimdo.org\/wp-api\/wp\/v2\/categories?post=133038"},{"taxonomy":"post_tag","embeddable":true,"href":"https:\/\/colimdo.org\/wp-api\/wp\/v2\/tags?post=133038"}],"curies":[{"name":"wp","href":"https:\/\/api.w.org\/{rel}","templated":true}]}}