{"id":133124,"date":"2025-09-22T20:38:37","date_gmt":"2025-09-22T20:38:37","guid":{"rendered":"https:\/\/colimdo.org\/?p=133124"},"modified":"2025-09-22T20:38:45","modified_gmt":"2025-09-22T20:38:45","slug":"juramentan-comite-organizador-clasificatorio-centroamericano-de-pesas","status":"publish","type":"post","link":"https:\/\/colimdo.org\/noticias\/juramentan-comite-organizador-clasificatorio-centroamericano-de-pesas\/","title":{"rendered":"Juramentan comit\u00e9 organizador clasificatorio Centroamericano de Pesas"},"content":{"rendered":"<p>SANTO DOMINGO. La Federaci\u00f3n Dominicana de Levantamiento de Pesas jurament\u00f3 este lunes a los integrantes del \u00a0Comit\u00e9 Organizador encargado de dirigir los trabajos del Campeonato Centroamericano y del Caribe \u2018Santo Domingo 2025\u2019, programado para disputarse del 6 al 13 de diciembre.<\/p>\n<p>Al frente del comit\u00e9 fue designado el Director del Consejo Nacional de Fronteras, licenciado Jos\u00e9 Antol\u00edn Polanco Rosa, quien agradeci\u00f3 la designaci\u00f3n, al encabezar el evento junto al viceministro administrativo de Deportes, Franklin de la Mota, quien represent\u00f3 al ministro Kelvin Cruz.<\/p>\n<p>Polanco Rosa destac\u00f3 la magnitud del evento y agradeci\u00f3 al ministro de Deportes por su apoyo y a la Federaci\u00f3n de Pesas por la confianza depositada en su persona.<\/p>\n<p>Dijo que trabajar\u00e1 tesoneramente para que \u201cnuestro pa\u00eds sea anfitri\u00f3n de un evento de calidad, \u201cPrimero, por la cantidad de pa\u00edses que participar\u00e1n, 26, que ser\u00e1 un reto para la Federaci\u00f3n de Pesas. Y segundo, por la importancia de la actividad que es clasificatoria para los Juegos Centroamericanos del a\u00f1o pr\u00f3ximo. As\u00ed que para nosotros es un honor y le prometemos no defraudar\u201d, afirm\u00f3.<\/p>\n<p>La juramentaci\u00f3n la hizo el ingeniero Garibaldi Bautista, presidente del Comit\u00e9 Ol\u00edmpico Dominicano. El evento se realiz\u00f3 en el auditorio del Museo del Deporte, ubicado en el Centro Ol\u00edmpico Juan Pablo Duarte, con la presencia, adem\u00e1s, de los dirigentes deportivos Rafael Villalona, Jos\u00e9 Luis Ram\u00edrez y Nelson Ram\u00edrez.<\/p>\n<p>El funcionario estar\u00e1 acompa\u00f1ado, en el comit\u00e9, de reconocidas personalidades, como el subdirector del Instituto Nacional de Educaci\u00f3n F\u00edsica (INEFI) y pasado viceministro t\u00e9cnico de Deportes, Elvys Duarte, quien ocupar\u00e1 una de las tres vicepresidencias.<\/p>\n<p>Tambi\u00e9n trabajar\u00e1n en calidad de vicepresidentes el reputado entrenador Tony Mesa, director t\u00e9cnico del Comit\u00e9 Organizador de los Juegos Deportivos, Centroamericanos y del Caribe \u2018Santo Domingo 2026\u2019; y Eddy Gonz\u00e1lez, director t\u00e9cnico del Inefi.<\/p>\n<p>En la secretar\u00eda general del Comit\u00e9 Organizador fue instalado el licenciado Elisandro P\u00e9rez, asesor financiero del Consejo Nacional de Fronteras.<\/p>\n<p>Los dem\u00e1s miembros del Comit\u00e9 son el arquitecto Reymundo Gantier, quien fungir\u00e1 como tesorero; el presidente de la Federaci\u00f3n de Pesas, William Ozuna, es el director general y Maritza Ortiz como directora t\u00e9cnica del certamen.<\/p>\n<p>Mientras que Yuderqui Contreras, ex miembro de la selecci\u00f3n nacional de pesas, integra el comit\u00e9 en calidad de miembro.<\/p>\n<p>Las palabras de bienvenida las pronunci\u00f3 el licenciado Willian Ozuna, quien precis\u00f3 que \u201cCon este evento queremos encender la antorcha de los Juegos Centroamericanos y del Caribe, para que con ello se reanimen nuestras federaciones, nuestros atletas, los entrenadores y cada uno de nosotros pues se realiza el esp\u00edritu de los pueblos centroamericanos y caribe\u00f1os\u201d, expres\u00f3.<\/p>\n<p>Garibaldi Bautista y Franklin de la Mota, quienes tambi\u00e9n hicieron uso de la palabra, resaltaron el trabajo que continuamente realiza el personal de la Federaci\u00f3n de Pesas.<\/p>\n<p>\u201cQuiero felicitarlos porque estamos arrancando con esta federaci\u00f3n, con este evento, y otras federaciones m\u00e1s van a hacer otro tipo de eventos, pero pesas siempre va a la vanguardia, van levantando m\u00e1s pesados y est\u00e1n haciendo un buen levantamiento\u201d, afirm\u00f3 De la Mota.<\/p>\n<p>De su lado, Bautista indic\u00f3 que \u201cen nombre del Comit\u00e9 Ol\u00edmpico Dominicano, felicito a la Federaci\u00f3n Dominicana de Pesas, porque est\u00e1 haciendo lo que debemos estar haciendo todos los federales: preparar a nuestros atletas para el principal compromiso deportivo de nuestro pa\u00eds, que se celebrar\u00e1 el pr\u00f3ximo a\u00f1o, los Juegos Centroamericanos y del Caribe\u201d, manifest\u00f3 el jefe del olimpismo dominicano.<\/p>\n<p>El campeonato de halterofilia ser\u00e1 un evento oficial de prueba de cara a los Juegos Centroamericanos y del Caribe Santo Domingo 2026.<\/p>\n<p>Los atletas participantes buscar\u00e1n sumar puntos de cara a la clasificaci\u00f3n a los Centroamericanos y del Caribe que se celebrar\u00e1n en la capital de Rep\u00fablica Dominicana, del 24 de julio al 8 de agosto del pr\u00f3ximo a\u00f1o<\/p>\n","protected":false},"excerpt":{"rendered":"<p>SANTO DOMINGO. La Federaci\u00f3n Dominicana de Levantamiento de Pesas jurament\u00f3 este lunes a los integrantes del \u00a0Comit\u00e9 Organizador encargado de dirigir los trabajos del Campeonato Centroamericano y del Caribe \u2018Santo Domingo 2025\u2019, programado para disputarse del 6 al 13 de diciembre. Al frente del comit\u00e9 fue designado el Director del Consejo Nacional de Fronteras, licenciado [&hellip;]<\/p>\n","protected":false},"author":13,"featured_media":133125,"comment_status":"closed","ping_status":"closed","sticky":false,"template":"","format":"standard","meta":[],"categories":[3,2,60],"tags":[80322],"acf":[],"_links":{"self":[{"href":"https:\/\/colimdo.org\/wp-api\/wp\/v2\/posts\/133124"}],"collection":[{"href":"https:\/\/colimdo.org\/wp-api\/wp\/v2\/posts"}],"about":[{"href":"https:\/\/colimdo.org\/wp-api\/wp\/v2\/types\/post"}],"author":[{"embeddable":true,"href":"https:\/\/colimdo.org\/wp-api\/wp\/v2\/users\/13"}],"replies":[{"embeddable":true,"href":"https:\/\/colimdo.org\/wp-api\/wp\/v2\/comments?post=133124"}],"version-history":[{"count":1,"href":"https:\/\/colimdo.org\/wp-api\/wp\/v2\/posts\/133124\/revisions"}],"predecessor-version":[{"id":133126,"href":"https:\/\/colimdo.org\/wp-api\/wp\/v2\/posts\/133124\/revisions\/133126"}],"wp:featuredmedia":[{"embeddable":true,"href":"https:\/\/colimdo.org\/wp-api\/wp\/v2\/media\/133125"}],"wp:attachment":[{"href":"https:\/\/colimdo.org\/wp-api\/wp\/v2\/media?parent=133124"}],"wp:term":[{"taxonomy":"category","embeddable":true,"href":"https:\/\/colimdo.org\/wp-api\/wp\/v2\/categories?post=133124"},{"taxonomy":"post_tag","embeddable":true,"href":"https:\/\/colimdo.org\/wp-api\/wp\/v2\/tags?post=133124"}],"curies":[{"name":"wp","href":"https:\/\/api.w.org\/{rel}","templated":true}]}}