{"id":133130,"date":"2025-09-23T01:36:33","date_gmt":"2025-09-23T01:36:33","guid":{"rendered":"https:\/\/colimdo.org\/?p=133130"},"modified":"2025-09-23T01:36:33","modified_gmt":"2025-09-23T01:36:33","slug":"rd-vence-a-mexico-en-competencia-final-itf-cotecc-u12-por-equipos-2025","status":"publish","type":"post","link":"https:\/\/colimdo.org\/noticias\/rd-vence-a-mexico-en-competencia-final-itf-cotecc-u12-por-equipos-2025\/","title":{"rendered":"RD vence a M\u00e9xico en Competencia Final ITF-Cotecc U12 Por Equipos 2025"},"content":{"rendered":"<p class=\"yiv7236322143MsoNormal\">El equipo de hembras de Rep\u00fablica Dominicana gan\u00f3 su serie por 2-0 sobre M\u00e9xico este lunes, en el inicio de la\u00a0<span lang=\"ES-DO\">Competencia Final ITF-Cotecc U12 Por Equipos 2025<\/span>,\u00a0<span lang=\"ES-DO\">que se ju<\/span>ega<span lang=\"ES-DO\">\u00a0del 2<\/span>2<span lang=\"ES-DO\">\u00a0al 25 del presente mes, en el Centro Nacional de Tenis del Parque del Este. El evento es totalmente gratis para los fan\u00e1ticos. \u00a0<\/span><\/p>\n<p class=\"yiv7236322143MsoNormal\"><span lang=\"ES-DO\">La dominicana Kyara Khayyat dio cuentas de la\u00a0<\/span>m<span lang=\"ES-DO\">exicana Sonia Tanus<\/span>, por\u00a0<span lang=\"ES-DO\">6<\/span>&#8211;<span lang=\"ES-DO\">3\u00a0<\/span>y\u00a0<span lang=\"ES-DO\">7<\/span>&#8211;<span lang=\"ES-DO\">6(7)<\/span>.<\/p>\n<p class=\"yiv7236322143MsoNormal\"><span lang=\"ES-DO\">Ana Paula Vega<\/span>\u00a0venci\u00f3 a\u00a0<span lang=\"ES-DO\">Nicole Castillo<\/span>, por\u00a0<span lang=\"ES-DO\">5<\/span>&#8211;<span lang=\"ES-DO\">7<\/span>,<span lang=\"ES-DO\">\u00a07<\/span>&#8211;<span lang=\"ES-DO\">5<\/span>\u00a0y<span lang=\"ES-DO\">\u00a06<\/span>&#8211;<span lang=\"ES-DO\">1<\/span>.<\/p>\n<p class=\"yiv7236322143MsoNormal\">Mientras que en la rama masculina, Costa Rica derrot\u00f3 a Rep\u00fablica Dominicana por 3-0, gan\u00e1ndole la serie a los locales.<\/p>\n<p class=\"yiv7236322143MsoNormal\"><span lang=\"ES-DO\">Alejandro\u00a0<\/span>Gonz\u00e1lez sobre El\u00edas<span lang=\"ES-DO\">\u00a0Santana<\/span>, por\u00a0<span lang=\"ES-DO\">6<\/span>&#8211;<span lang=\"ES-DO\">3<\/span>\u00a0y<span lang=\"ES-DO\">\u00a06<\/span>&#8211;<span lang=\"ES-DO\">1<\/span>.\u00a0<span lang=\"ES-DO\">Samuel Romero<\/span><span lang=\"ES-DO\">\u00a0<\/span>venci\u00f3 a\u00a0<span lang=\"ES-DO\">Eliezer Santos<\/span><span lang=\"ES-DO\">\u00a0<\/span><span lang=\"ES-DO\">6<\/span>&#8211;<span lang=\"ES-DO\">1\u00a0<\/span>y\u00a0<span lang=\"ES-DO\">6<\/span>&#8211;<span lang=\"ES-DO\">3<\/span>.<\/p>\n<p class=\"yiv7236322143MsoNormal\">En dobles,\u00a0<span lang=\"ES-DO\">Alejandro\u00a0<\/span>Gonz\u00e1lez y\u00a0<span lang=\"ES-DO\">Samuel Romero<\/span>, derrotaron a los criollos\u00a0<span lang=\"ES-DO\">Eliezer Santos<\/span><span lang=\"ES-DO\">\u00a0<\/span>y\u00a0<span lang=\"ES-DO\">Michael Almeida<\/span>, por\u00a0<span lang=\"ES-DO\">6<\/span>&#8211;<span lang=\"ES-DO\">4\u00a0<\/span>y\u00a0<span lang=\"ES-DO\">6<\/span>&#8211;<span lang=\"ES-DO\">1<\/span>.<\/p>\n<p class=\"yiv7236322143MsoNormal\">Este martes los partidos inician a las 10 de la ma\u00f1ana. Las chicas dominicanas juegan ante Trinidad y Tobago, mientras que en masculino, los dominicanos van ante M\u00e9xico.<\/p>\n<p class=\"yiv7236322143MsoNormal\"><span lang=\"ES-DO\">Los ganadores de este evento clasifican a la gran final a celebrarse en Am\u00e9rica, contra equipos del \u00e1rea Cosat (Confederaci\u00f3n Sudamericana de Tenis) y los de Canad\u00e1 y Estados Unidos. \u00a0<\/span><\/p>\n<p class=\"yiv7236322143MsoNormal\"><span lang=\"ES-DO\">Los eventos organizados por\u00a0Fedotenis\u00a0son gracias al Ministerio de Turismo, Banco de Reservas, Junta de Aviaci\u00f3n Civil (JAC),\u00a0Banco Central,\u00a0Ekatex, Creso, El Nuevo Diario y Wilson.<\/span><\/p>\n","protected":false},"excerpt":{"rendered":"<p>El equipo de hembras de Rep\u00fablica Dominicana gan\u00f3 su serie por 2-0 sobre M\u00e9xico este lunes, en el inicio de la\u00a0Competencia Final ITF-Cotecc U12 Por Equipos 2025,\u00a0que se juega\u00a0del 22\u00a0al 25 del presente mes, en el Centro Nacional de Tenis del Parque del Este. El evento es totalmente gratis para los fan\u00e1ticos. \u00a0 La dominicana [&hellip;]<\/p>\n","protected":false},"author":20,"featured_media":133131,"comment_status":"closed","ping_status":"closed","sticky":false,"template":"","format":"standard","meta":[],"categories":[83143,2],"tags":[76],"acf":[],"_links":{"self":[{"href":"https:\/\/colimdo.org\/wp-api\/wp\/v2\/posts\/133130"}],"collection":[{"href":"https:\/\/colimdo.org\/wp-api\/wp\/v2\/posts"}],"about":[{"href":"https:\/\/colimdo.org\/wp-api\/wp\/v2\/types\/post"}],"author":[{"embeddable":true,"href":"https:\/\/colimdo.org\/wp-api\/wp\/v2\/users\/20"}],"replies":[{"embeddable":true,"href":"https:\/\/colimdo.org\/wp-api\/wp\/v2\/comments?post=133130"}],"version-history":[{"count":1,"href":"https:\/\/colimdo.org\/wp-api\/wp\/v2\/posts\/133130\/revisions"}],"predecessor-version":[{"id":133132,"href":"https:\/\/colimdo.org\/wp-api\/wp\/v2\/posts\/133130\/revisions\/133132"}],"wp:featuredmedia":[{"embeddable":true,"href":"https:\/\/colimdo.org\/wp-api\/wp\/v2\/media\/133131"}],"wp:attachment":[{"href":"https:\/\/colimdo.org\/wp-api\/wp\/v2\/media?parent=133130"}],"wp:term":[{"taxonomy":"category","embeddable":true,"href":"https:\/\/colimdo.org\/wp-api\/wp\/v2\/categories?post=133130"},{"taxonomy":"post_tag","embeddable":true,"href":"https:\/\/colimdo.org\/wp-api\/wp\/v2\/tags?post=133130"}],"curies":[{"name":"wp","href":"https:\/\/api.w.org\/{rel}","templated":true}]}}