{"id":133166,"date":"2025-09-24T02:08:20","date_gmt":"2025-09-24T02:08:20","guid":{"rendered":"https:\/\/colimdo.org\/?p=133166"},"modified":"2025-09-24T02:08:31","modified_gmt":"2025-09-24T02:08:31","slug":"rd-consigue-su-segunda-serie-en-final-itf-cotecc-u12-por-equipos","status":"publish","type":"post","link":"https:\/\/colimdo.org\/noticias\/rd-consigue-su-segunda-serie-en-final-itf-cotecc-u12-por-equipos\/","title":{"rendered":"RD consigue su segunda serie\u00a0en\u00a0Final ITF-Cotecc U12 por Equipos"},"content":{"rendered":"<p>SANTO DOMINGO.- El equipo de hembras de Rep\u00fablica Dominicana gan\u00f3 su\u00a0segunda serie al hilo este martes, en la\u00a0Competencia Final ITF-Cotecc U12 Por Equipos 2025,\u00a0que se juega\u00a0del 22\u00a0al 25 del presente mes, en el Centro Nacional de Tenis del Parque del Este. El evento es totalmente gratis para los fan\u00e1ticos.<\/p>\n<p>Las chicas dominicanas no dejaron respirar a las de Trinidad y Tobago, a las que vencieron por 3-0.<\/p>\n<p>Kyara Khayyat\u00a0dobleg\u00f3 con doble 6-0 sobre\u00a0Anaya Roberts.\u00a0Ana Paula Vega\u00a0le gan\u00f3 a\u00a0Teijha Wellington\u00a0por 6-0 y 6-1. En dobles, Vega y\u00a0Elaine\u00a0Mart\u00ednez dispusieron sobre Roberts y\u00a0Wellington, por 6-0 y 6-1.<\/p>\n<p>Las dominicanas ahora tienen foja de 2-0 en dos series, tras ganarle el lunes a Mexico por 2-0.<\/p>\n<p>Mientras que en la rama masculina, los mexicanos dispusieron de los criollos por 3-0.<\/p>\n<p>\u00c1lvaro\u00a0Ba\u00f1ales\u00a0venci\u00f3 a El\u00edas\u00a0Santana\u00a0por 6-1 y 6-0\u00a0Karim Eduardo Balbuena\u00a0sobre\u00a0Eliezer Santos por 6-2 y 6-1.\u00a0 En dobles,\u00a0Ba\u00f1ales\u00a0y\u00a0Fabio Romo\u00a0sobre los criollos Santana y Santos\u00a06-2\u00a0y\u00a07-6(7).<\/p>\n<p>Los dominicanos ahora compilan 0-2; Costa Rica le gan\u00f3 la serie 3-0 el lunes.<\/p>\n<p>Los partidos de este mi\u00e9rcoles inician desde las 10 de la ma\u00f1ana.<\/p>\n<p>En femenino, las dominicanas ante hondure\u00f1as, en masculino los criollos salen a cancha ante Barbados.<\/p>\n<p>Los ganadores de este evento clasifican a la gran final a celebrarse en Am\u00e9rica, contra equipos del \u00e1rea Cosat (Confederaci\u00f3n Sudamericana de Tenis) y los de Canad\u00e1 y Estados Unidos.<\/p>\n<p>Los eventos organizados por\u00a0Fedotenis\u00a0son gracias al Ministerio de Turismo, Banco de Reservas, Junta de Aviaci\u00f3n Civil (JAC),\u00a0Banco Central,\u00a0Ekatex, Creso, El Nuevo Diario y Wilson.<\/p>\n<p>&nbsp;<\/p>\n<p>&nbsp;<\/p>\n","protected":false},"excerpt":{"rendered":"<p>SANTO DOMINGO.- El equipo de hembras de Rep\u00fablica Dominicana gan\u00f3 su\u00a0segunda serie al hilo este martes, en la\u00a0Competencia Final ITF-Cotecc U12 Por Equipos 2025,\u00a0que se juega\u00a0del 22\u00a0al 25 del presente mes, en el Centro Nacional de Tenis del Parque del Este. El evento es totalmente gratis para los fan\u00e1ticos. Las chicas dominicanas no dejaron respirar [&hellip;]<\/p>\n","protected":false},"author":13,"featured_media":133167,"comment_status":"closed","ping_status":"closed","sticky":false,"template":"","format":"standard","meta":[],"categories":[3,2,60],"tags":[76],"acf":[],"_links":{"self":[{"href":"https:\/\/colimdo.org\/wp-api\/wp\/v2\/posts\/133166"}],"collection":[{"href":"https:\/\/colimdo.org\/wp-api\/wp\/v2\/posts"}],"about":[{"href":"https:\/\/colimdo.org\/wp-api\/wp\/v2\/types\/post"}],"author":[{"embeddable":true,"href":"https:\/\/colimdo.org\/wp-api\/wp\/v2\/users\/13"}],"replies":[{"embeddable":true,"href":"https:\/\/colimdo.org\/wp-api\/wp\/v2\/comments?post=133166"}],"version-history":[{"count":1,"href":"https:\/\/colimdo.org\/wp-api\/wp\/v2\/posts\/133166\/revisions"}],"predecessor-version":[{"id":133168,"href":"https:\/\/colimdo.org\/wp-api\/wp\/v2\/posts\/133166\/revisions\/133168"}],"wp:featuredmedia":[{"embeddable":true,"href":"https:\/\/colimdo.org\/wp-api\/wp\/v2\/media\/133167"}],"wp:attachment":[{"href":"https:\/\/colimdo.org\/wp-api\/wp\/v2\/media?parent=133166"}],"wp:term":[{"taxonomy":"category","embeddable":true,"href":"https:\/\/colimdo.org\/wp-api\/wp\/v2\/categories?post=133166"},{"taxonomy":"post_tag","embeddable":true,"href":"https:\/\/colimdo.org\/wp-api\/wp\/v2\/tags?post=133166"}],"curies":[{"name":"wp","href":"https:\/\/api.w.org\/{rel}","templated":true}]}}