{"id":133219,"date":"2025-09-25T18:08:46","date_gmt":"2025-09-25T18:08:46","guid":{"rendered":"https:\/\/colimdo.org\/?p=133219"},"modified":"2025-09-25T18:08:46","modified_gmt":"2025-09-25T18:08:46","slug":"cod-recibe-visita-comitiva-de-brasil-busca-sede-panam-2031","status":"publish","type":"post","link":"https:\/\/colimdo.org\/noticias\/cod-recibe-visita-comitiva-de-brasil-busca-sede-panam-2031\/","title":{"rendered":"COD recibe visita comitiva de Brasil busca sede Panam 2031"},"content":{"rendered":"<p>SANTO DOMINGO. El presidente del COD, ingeniero Garibaldy Bautista, recibi\u00f3 en su despacho una comisi\u00f3n de Brasil, encabezada por Marco La Porta, presidente del Comit\u00e9 Ol\u00edmpico Brasile\u00f1o, que busca la sede de para el montaje de los Juegos Panamericanos del 2031.<\/p>\n<p>Bautista escuch\u00f3 la exposici\u00f3n de la comisi\u00f3n, integrada adem\u00e1s por Carlos Osorio, director de la Candidatura R\u00edo-Literoi 2031; Agberto Guimaraes, director general de atletas; Isabel Swan, presidenta de la Comisi\u00f3n de Atletas de Brasil, y Matthew Featherstone, miembro.<\/p>\n<p>El titular del COD se hizo acompa\u00f1ar de Irina P\u00e9rez, vicepresidenta del COD. Durante el encuentro, las partes intercambiaron impresiones sobre el deporte y el intercambio en distintas vertientes.<\/p>\n<p>El comit\u00e9 organizador ha pautado para la celebraci\u00f3n de la cita multideportiva del 8 al 24 de agosto de 2031, mientras que los Para-Panamericanos ser\u00edan realizados del 7 al 16 de septiembre en los mismos escenarios.<\/p>\n<p>Marco La Porta se\u00f1al\u00f3 que \u201ctenemos un buen legado de los Juegos Ol\u00edmpicos del 2016, y se han mejorado algunos aspectos como el transporte y un gran personal preparado. Estamos buscando reconectarnos con los juegos\u201d.<\/p>\n<p>Indic\u00f3 que, en este per\u00edodo de seis a\u00f1os, hasta 2031, pretenden ejecutar un programa de trabajo en cada disciplina deportiva.<\/p>\n<p>La comitiva brasile\u00f1a tambi\u00e9n se ofreci\u00f3 para trabajar, en calidad de voluntaria, para los XXV Juegos Centroamericanos y del Caribe Santo Domingo 2026.<\/p>\n<p>Mientras, el titular del COD expuso varios puntos y dej\u00f3 saber que intercambiar\u00e1 impresiones con el comit\u00e9 ejecutivo para decidir por cu\u00e1l pa\u00eds votar\u00e1 para la sede de los Juegos Panamericanos del 2031.<\/p>\n<p>&nbsp;<\/p>\n<p>&nbsp;<\/p>\n","protected":false},"excerpt":{"rendered":"<p>SANTO DOMINGO. El presidente del COD, ingeniero Garibaldy Bautista, recibi\u00f3 en su despacho una comisi\u00f3n de Brasil, encabezada por Marco La Porta, presidente del Comit\u00e9 Ol\u00edmpico Brasile\u00f1o, que busca la sede de para el montaje de los Juegos Panamericanos del 2031. Bautista escuch\u00f3 la exposici\u00f3n de la comisi\u00f3n, integrada adem\u00e1s por Carlos Osorio, director de [&hellip;]<\/p>\n","protected":false},"author":13,"featured_media":133220,"comment_status":"closed","ping_status":"closed","sticky":false,"template":"","format":"standard","meta":[],"categories":[83143,2,60],"tags":[79],"acf":[],"_links":{"self":[{"href":"https:\/\/colimdo.org\/wp-api\/wp\/v2\/posts\/133219"}],"collection":[{"href":"https:\/\/colimdo.org\/wp-api\/wp\/v2\/posts"}],"about":[{"href":"https:\/\/colimdo.org\/wp-api\/wp\/v2\/types\/post"}],"author":[{"embeddable":true,"href":"https:\/\/colimdo.org\/wp-api\/wp\/v2\/users\/13"}],"replies":[{"embeddable":true,"href":"https:\/\/colimdo.org\/wp-api\/wp\/v2\/comments?post=133219"}],"version-history":[{"count":1,"href":"https:\/\/colimdo.org\/wp-api\/wp\/v2\/posts\/133219\/revisions"}],"predecessor-version":[{"id":133221,"href":"https:\/\/colimdo.org\/wp-api\/wp\/v2\/posts\/133219\/revisions\/133221"}],"wp:featuredmedia":[{"embeddable":true,"href":"https:\/\/colimdo.org\/wp-api\/wp\/v2\/media\/133220"}],"wp:attachment":[{"href":"https:\/\/colimdo.org\/wp-api\/wp\/v2\/media?parent=133219"}],"wp:term":[{"taxonomy":"category","embeddable":true,"href":"https:\/\/colimdo.org\/wp-api\/wp\/v2\/categories?post=133219"},{"taxonomy":"post_tag","embeddable":true,"href":"https:\/\/colimdo.org\/wp-api\/wp\/v2\/tags?post=133219"}],"curies":[{"name":"wp","href":"https:\/\/api.w.org\/{rel}","templated":true}]}}