{"id":133264,"date":"2025-09-27T18:23:57","date_gmt":"2025-09-27T18:23:57","guid":{"rendered":"https:\/\/colimdo.org\/?p=133264"},"modified":"2025-09-27T18:23:57","modified_gmt":"2025-09-27T18:23:57","slug":"carlos-alcaraz-se-instala-en-cuartos-de-final-en-abierto-de-japon","status":"publish","type":"post","link":"https:\/\/colimdo.org\/noticias\/carlos-alcaraz-se-instala-en-cuartos-de-final-en-abierto-de-japon\/","title":{"rendered":"Carlos Alcaraz se instala en cuartos de final en Abierto de Jap\u00f3n"},"content":{"rendered":"<p>TOKIO (AP) \u2014 Carlos Alcaraz avanz\u00f3 a los cuartos de final del Abierto de Jap\u00f3n con una victoria por 6-4, 6-3 sobre Zizou Bergs el s\u00e1bado y luego rindi\u00f3 homenaje a su fisioterapeuta tras un susto por una lesi\u00f3n de tobillo.<\/p>\n<p>Alcaraz, el mejor clasificado, aterriz\u00f3 torpemente sobre su tobillo izquierdo durante su partido inaugural el jueves y no estaba seguro de c\u00f3mo se sentir\u00eda contra Bergs.<\/p>\n<p>Se mantuvo bien, diciendo que &#8220;pod\u00eda jugar normalmente&#8221;, y organiz\u00f3 un encuentro de cuartos de final con Brandon Nakashima de los Estados Unidos.<\/p>\n<p>\u201cFue duro y un d\u00eda y medio muy importante. Ten\u00eda que recuperarme lo mejor posible\u201d, dijo Alcaraz al ser preguntado por su tobillo. \u201cLo he dicho antes y lo vuelvo a decir: tengo al mejor fisioterapeuta del mundo, en quien conf\u00edo al 100%.<\/p>\n<p>El trabajo que ha hecho en el tobillo ha sido excelente. Pude jugar con normalidad, lo cual es genial. A veces me preocupaban algunos movimientos, cuando sent\u00eda el tobillo, pero en general jugu\u00e9 un tenis excelente, un gran partido.<\/p>\n","protected":false},"excerpt":{"rendered":"<p>TOKIO (AP) \u2014 Carlos Alcaraz avanz\u00f3 a los cuartos de final del Abierto de Jap\u00f3n con una victoria por 6-4, 6-3 sobre Zizou Bergs el s\u00e1bado y luego rindi\u00f3 homenaje a su fisioterapeuta tras un susto por una lesi\u00f3n de tobillo. Alcaraz, el mejor clasificado, aterriz\u00f3 torpemente sobre su tobillo izquierdo durante su partido inaugural [&hellip;]<\/p>\n","protected":false},"author":20,"featured_media":133265,"comment_status":"closed","ping_status":"closed","sticky":false,"template":"","format":"standard","meta":[],"categories":[5,2,60],"tags":[100884,76],"acf":[],"_links":{"self":[{"href":"https:\/\/colimdo.org\/wp-api\/wp\/v2\/posts\/133264"}],"collection":[{"href":"https:\/\/colimdo.org\/wp-api\/wp\/v2\/posts"}],"about":[{"href":"https:\/\/colimdo.org\/wp-api\/wp\/v2\/types\/post"}],"author":[{"embeddable":true,"href":"https:\/\/colimdo.org\/wp-api\/wp\/v2\/users\/20"}],"replies":[{"embeddable":true,"href":"https:\/\/colimdo.org\/wp-api\/wp\/v2\/comments?post=133264"}],"version-history":[{"count":1,"href":"https:\/\/colimdo.org\/wp-api\/wp\/v2\/posts\/133264\/revisions"}],"predecessor-version":[{"id":133266,"href":"https:\/\/colimdo.org\/wp-api\/wp\/v2\/posts\/133264\/revisions\/133266"}],"wp:featuredmedia":[{"embeddable":true,"href":"https:\/\/colimdo.org\/wp-api\/wp\/v2\/media\/133265"}],"wp:attachment":[{"href":"https:\/\/colimdo.org\/wp-api\/wp\/v2\/media?parent=133264"}],"wp:term":[{"taxonomy":"category","embeddable":true,"href":"https:\/\/colimdo.org\/wp-api\/wp\/v2\/categories?post=133264"},{"taxonomy":"post_tag","embeddable":true,"href":"https:\/\/colimdo.org\/wp-api\/wp\/v2\/tags?post=133264"}],"curies":[{"name":"wp","href":"https:\/\/api.w.org\/{rel}","templated":true}]}}