{"id":133310,"date":"2025-09-28T21:26:23","date_gmt":"2025-09-28T21:26:23","guid":{"rendered":"https:\/\/colimdo.org\/?p=133310"},"modified":"2025-09-28T21:26:23","modified_gmt":"2025-09-28T21:26:23","slug":"julianny-de-la-cruz-se-convierte-en-doble-campeona-de-torneo-j30","status":"publish","type":"post","link":"https:\/\/colimdo.org\/noticias\/julianny-de-la-cruz-se-convierte-en-doble-campeona-de-torneo-j30\/","title":{"rendered":"Julianny de la Cruz se convierte en doble campeona de torneo J30"},"content":{"rendered":"<p>La tenista dominicana Julianny de la Cruz se coron\u00f3 campeona de la Copa Uvero Alto J30, celebrada esta semana con m\u00e1s de 100 jugadores de 23 pa\u00edses, celebrada en la academia de Vilas, en el Hotel Ocean El Faro, en Uvero Alto.<\/p>\n<p>De la Cruz, una portento tenista, gan\u00f3 la semana pasada la Copa B\u00e1varo J30, convirti\u00e9ndose as\u00ed doble campeona.<\/p>\n<p>As\u00ed las cosas, la jovencita ha ganado dos eventos seguidos en el pa\u00eds, uno tras otro.<\/p>\n<p>De la Cruz, la cuarta mejor del evento, jug\u00f3 la final este s\u00e1bado, viniendo de atr\u00e1s por 1-6 7-5 10-5, derrot\u00f3 a su similar de Viktorie Dufkova, de Rep\u00fablica Checa.<\/p>\n<p>En el mismo evento, pero en la rama femenina, el dominicano Isaac Guerrero se qued\u00f3 en el segundo lugar, para terminar como finalista. Perdi\u00f3 ante el estadounidense y siete del evento, Vincent Weaver, por 6-4 6-0.<\/p>\n<p>Los campeones de sencillos sumaron 30 puntos para el ranking ITF junior y los de dobles, 25.<\/p>\n<p>Wilson Joya fue el r\u00e9feri, asistido por Francisco de los Santos. El director general Sergio Sabadello.<\/p>\n<p>Los eventos organizados por Fedotenis y Vilas Tennis Academy son gracias a ITF, Ocean El Faro, Head, El Nuevo Diario y H10.<\/p>\n","protected":false},"excerpt":{"rendered":"<p>La tenista dominicana Julianny de la Cruz se coron\u00f3 campeona de la Copa Uvero Alto J30, celebrada esta semana con m\u00e1s de 100 jugadores de 23 pa\u00edses, celebrada en la academia de Vilas, en el Hotel Ocean El Faro, en Uvero Alto. De la Cruz, una portento tenista, gan\u00f3 la semana pasada la Copa B\u00e1varo [&hellip;]<\/p>\n","protected":false},"author":20,"featured_media":133311,"comment_status":"closed","ping_status":"closed","sticky":false,"template":"","format":"standard","meta":[],"categories":[83143,2],"tags":[76],"acf":[],"_links":{"self":[{"href":"https:\/\/colimdo.org\/wp-api\/wp\/v2\/posts\/133310"}],"collection":[{"href":"https:\/\/colimdo.org\/wp-api\/wp\/v2\/posts"}],"about":[{"href":"https:\/\/colimdo.org\/wp-api\/wp\/v2\/types\/post"}],"author":[{"embeddable":true,"href":"https:\/\/colimdo.org\/wp-api\/wp\/v2\/users\/20"}],"replies":[{"embeddable":true,"href":"https:\/\/colimdo.org\/wp-api\/wp\/v2\/comments?post=133310"}],"version-history":[{"count":1,"href":"https:\/\/colimdo.org\/wp-api\/wp\/v2\/posts\/133310\/revisions"}],"predecessor-version":[{"id":133312,"href":"https:\/\/colimdo.org\/wp-api\/wp\/v2\/posts\/133310\/revisions\/133312"}],"wp:featuredmedia":[{"embeddable":true,"href":"https:\/\/colimdo.org\/wp-api\/wp\/v2\/media\/133311"}],"wp:attachment":[{"href":"https:\/\/colimdo.org\/wp-api\/wp\/v2\/media?parent=133310"}],"wp:term":[{"taxonomy":"category","embeddable":true,"href":"https:\/\/colimdo.org\/wp-api\/wp\/v2\/categories?post=133310"},{"taxonomy":"post_tag","embeddable":true,"href":"https:\/\/colimdo.org\/wp-api\/wp\/v2\/tags?post=133310"}],"curies":[{"name":"wp","href":"https:\/\/api.w.org\/{rel}","templated":true}]}}