{"id":133508,"date":"2025-10-03T13:37:32","date_gmt":"2025-10-03T13:37:32","guid":{"rendered":"https:\/\/colimdo.org\/?p=133508"},"modified":"2025-10-03T13:37:32","modified_gmt":"2025-10-03T13:37:32","slug":"nadal-honoris-causa-por-la-universidad-de-salamanca-defiende-el-deporte-como-puente-de-cordialidad-y-respeto","status":"publish","type":"post","link":"https:\/\/colimdo.org\/noticias\/nadal-honoris-causa-por-la-universidad-de-salamanca-defiende-el-deporte-como-puente-de-cordialidad-y-respeto\/","title":{"rendered":"Nadal, honoris causa por la Universidad de Salamanca, defiende el deporte como puente de \u00abcordialidad y respeto\u00bb"},"content":{"rendered":"<p>Salamanca (EFE).- El tenista Rafa Nadal, nuevo doctor honoris causa por la Universidad de Salamanca, ha defendido este viernes el valor del deporte como \u00abpuente\u00bb de \u00abconvivencia, cordialidad y respeto mutuo\u00bb en un mundo marcado por una \u00abconstante divisi\u00f3n y polarizaci\u00f3n\u00bb, que ha pedido combatir con la educaci\u00f3n.<\/p>\n<p>Ante el claustro de doctores de la instituci\u00f3n acad\u00e9mica salmantina, reunidos en el Paraninfo del edificio hist\u00f3rico para la ceremonia de investidura, Nadal ha recibido un reconocimiento que considera como fruto de la educaci\u00f3n recibida de su familia, presente en el acto, y de la experiencia vivida en las canchas y sus viajes por todo el mundo.<\/p>\n<p>En declaraciones a los periodistas tras el acto, preguntado por sus referencias al papel del deporte como ant\u00eddoto frente a la polarizaci\u00f3n, Nadal ha argumentado que esta actividad \u00absiempre ha sido un punto de uni\u00f3n\u00bb: \u00abPuede servir de inspiraci\u00f3n a muchas otras cosas que en este mundo, a d\u00eda de hoy, creo que est\u00e1n mal\u00bb, ha detallado.<\/p>\n<p>\u00abNo puedo estar m\u00e1s feliz\u00bb, ha resumido Nadal al inicio de su emocionado discurso de agradecimiento, en el que ha citado al expresidente de Sud\u00e1frica Nelson Mandela para adherirse a su convencimiento sobre el poder transformador del deporte: \u00abEl deporte puede crear esperanza donde antes solo hab\u00eda desesperaci\u00f3n\u00bb, ha resumido el primer deportista en conseguir el honoris causa por la Universidad de Salamanca.<\/p>\n<p>Nadal ha asumido que su colegio y su universidad han sido las lecciones que aprendi\u00f3 en los entrenamientos y los partidos contra sus rivales, entre los que ha destacado la disciplina y el esfuerzo diario, pero tambi\u00e9n una \u00abambici\u00f3n sana\u00bb en la que \u00abel fin no justifica los medios\u00bb.<\/p>\n<p>\u00abNada se consigue sin esfuerzo diario, sin compromiso y sin cuidar los peque\u00f1os detalles, de poco sirve so\u00f1ar en grande si no se trabaja con intensidad y con objetivos claros en el d\u00eda a d\u00eda. Es la rutina y el esfuerzo constante y silencioso donde realmente empiezan a forjarse los grandes \u00e9xitos\u00bb, ha a\u00f1adido sobre su trayectoria.<\/p>\n<p>Lesiones y resiliencia<br \/>\nEl premio Pr\u00edncipe de Asturias ha destacado que, m\u00e1s all\u00e1 de los muchos t\u00edtulos y de los galardones obtenidos, las lesiones y la incertidumbre asociada a ellas que afront\u00f3 en su carrera le ense\u00f1aron una de las \u00ablecciones m\u00e1s valiosas\u00bb, para entender que \u00ablo importante no solo es volver, sino volver con ilusi\u00f3n, con la energ\u00eda y con ganas de seguir luchando, aunque las circunstancias no sean las id\u00f3neas\u00bb.<\/p>\n<p>Ha sostenido tambi\u00e9n que le hubiera resultado \u00abimposible\u00bb afrontar una carrera tan exigente \u00absin pasi\u00f3n y sin amor\u00bb, \u00fatiles tambi\u00e9n para reformular con el paso de los a\u00f1os el concepto de ambici\u00f3n: \u00abFue un aprendizaje muy valioso entender e interiorizar que la verdadera ambici\u00f3n no consiste solo en querer alcanzar un objetivo, sino en intentar superarse cada d\u00eda sin perder nunca de vista lo que realmente importa, los valores que en familia me ense\u00f1aron\u00bb.<\/p>\n<p>La lecci\u00f3n de sus padres al Nadal adolescente<br \/>\nEn este sentido, Nadal ha compartido con el auditorio una an\u00e9cdota que vivi\u00f3 con 15 a\u00f1os y que ahora observa como una lecci\u00f3n de sus padres que ha agradecido y que se ha propuesto reproducir con su hijo, presente en una ceremonia que tendr\u00e1 que ver en v\u00eddeo, porque se durmi\u00f3 en brazos de su madre.<\/p>\n<p>En este punto, el tenista balear ha recordado que cuando era un adolescente y estaba \u00abmuy ilusionado\u00bb con poder jugar por primera vez el torneo junior de Roland Garros, sus padres se lo impidieron porque las fechas coincid\u00edan con los ex\u00e1menes.<\/p>\n<p>\u00abCon 15 a\u00f1os por aquel entonces fue muy dif\u00edcil de entender, ten\u00eda delante la posibilidad de jugar un \u2018grand slam\u2019. A pesar de mi decepci\u00f3n, mis padres se mantuvieron firmes y finalmente no jugu\u00e9.<\/p>\n<p>Con el tiempo he comprendido que aquella decisi\u00f3n fue una gran lecci\u00f3n y hoy les doy las gracias porque me ayudaron a terminar mi educaci\u00f3n obligatoria y me ense\u00f1aron que ninguno de estos objetivos deportivos puede estar por encima de los valores\u00bb, ha recordado.<\/p>\n<p>Tambi\u00e9n ha citado Nadal al m\u00e1s ilustre rector de la Universidad de Salamanca, el escritor y fil\u00f3sofo Miguel de Unamuno, para defender la necesidad de mirar m\u00e1s hacia el futuro que hacia el pasado, con el prop\u00f3sito de \u00abconstruir un futuro mejor con ilusi\u00f3n\u00bb.<\/p>\n<p>La Universidad de Salamanca propone una alianza a Nadal<br \/>\nLa Universidad de Salamanca se ha propuesto construir una alianza con la Fundaci\u00f3n Rafa Nadal para colaborar en el desarrollo de futuros centros de tecnificaci\u00f3n deportiva y en otros \u00e1mbitos sociales que esta entidad trabaja ya en otras ciudades espa\u00f1olas.<\/p>\n<p>\u00abNuestra relaci\u00f3n s\u00f3lo acaba de comenzar\u00bb, ha planteado el rector de la instituci\u00f3n acad\u00e9mica salmantina, Jos\u00e9 Manuel Corchado, en el discurso de bienvenida a Nadal como doctor honoris causa, en el acto desarrollado en el Paraninfo del edificio hist\u00f3rico de la Universidad.<\/p>\n<p>Preguntado por esta cuesti\u00f3n al t\u00e9rmino del acto, Nadal se ha mostrado cauto ante c\u00f3mo puede materializarse esa intenci\u00f3n del rector, aunque se ha mostrado abierto para hablar en el futuro.<\/p>\n<p>\u00abHemos hablado brevemente de posibles colaboraciones, lo que pueda pasar en el futuro ya lo hablaremos y ojal\u00e1 que podamos colaborar. A t\u00edtulo personal, colaborar con una instituci\u00f3n como la Universidad de Salamanca siempre ser\u00e1 un honor\u00bb, ha resumido.<\/p>\n<p>El rector ha destacado que es la primera vez que un deportista es investido como doctor honoris causa por la Universidad de Salamanca, lo que ha vinculado con los valores que representa el tenista, entre los que ha citado el esfuerzo, la superaci\u00f3n y la excelencia.<\/p>\n","protected":false},"excerpt":{"rendered":"<p>Salamanca (EFE).- El tenista Rafa Nadal, nuevo doctor honoris causa por la Universidad de Salamanca, ha defendido este viernes el valor del deporte como \u00abpuente\u00bb de \u00abconvivencia, cordialidad y respeto mutuo\u00bb en un mundo marcado por una \u00abconstante divisi\u00f3n y polarizaci\u00f3n\u00bb, que ha pedido combatir con la educaci\u00f3n. Ante el claustro de doctores de la [&hellip;]<\/p>\n","protected":false},"author":20,"featured_media":133509,"comment_status":"closed","ping_status":"closed","sticky":false,"template":"","format":"standard","meta":[],"categories":[5,2],"tags":[100908],"acf":[],"_links":{"self":[{"href":"https:\/\/colimdo.org\/wp-api\/wp\/v2\/posts\/133508"}],"collection":[{"href":"https:\/\/colimdo.org\/wp-api\/wp\/v2\/posts"}],"about":[{"href":"https:\/\/colimdo.org\/wp-api\/wp\/v2\/types\/post"}],"author":[{"embeddable":true,"href":"https:\/\/colimdo.org\/wp-api\/wp\/v2\/users\/20"}],"replies":[{"embeddable":true,"href":"https:\/\/colimdo.org\/wp-api\/wp\/v2\/comments?post=133508"}],"version-history":[{"count":1,"href":"https:\/\/colimdo.org\/wp-api\/wp\/v2\/posts\/133508\/revisions"}],"predecessor-version":[{"id":133510,"href":"https:\/\/colimdo.org\/wp-api\/wp\/v2\/posts\/133508\/revisions\/133510"}],"wp:featuredmedia":[{"embeddable":true,"href":"https:\/\/colimdo.org\/wp-api\/wp\/v2\/media\/133509"}],"wp:attachment":[{"href":"https:\/\/colimdo.org\/wp-api\/wp\/v2\/media?parent=133508"}],"wp:term":[{"taxonomy":"category","embeddable":true,"href":"https:\/\/colimdo.org\/wp-api\/wp\/v2\/categories?post=133508"},{"taxonomy":"post_tag","embeddable":true,"href":"https:\/\/colimdo.org\/wp-api\/wp\/v2\/tags?post=133508"}],"curies":[{"name":"wp","href":"https:\/\/api.w.org\/{rel}","templated":true}]}}