{"id":133636,"date":"2025-10-06T17:25:22","date_gmt":"2025-10-06T17:25:22","guid":{"rendered":"https:\/\/colimdo.org\/?p=133636"},"modified":"2025-10-06T17:25:22","modified_gmt":"2025-10-06T17:25:22","slug":"anuncian-torneo-nacional-elite-de-boxeo-franklin-de-la-mota-juramentado-presidente-del-comite-organizador","status":"publish","type":"post","link":"https:\/\/colimdo.org\/noticias\/anuncian-torneo-nacional-elite-de-boxeo-franklin-de-la-mota-juramentado-presidente-del-comite-organizador\/","title":{"rendered":"Anuncian Torneo Nacional \u00c9lite de Boxeo; Franklin de la Mota, juramentado presidente del Comit\u00e9 Organizador"},"content":{"rendered":"<div dir=\"auto\">La Federaci\u00f3n Dominicana de Boxeo Aficionado (Fedoboxa) anunci\u00f3 la celebraci\u00f3n de la edici\u00f3n 40 del Torneo Nacional \u00c9lite y jurament\u00f3 como presidente del Comit\u00e9 Organizador al viceministro de Deportes, Franklin De la Mota.<\/div>\n<div dir=\"auto\"><\/div>\n<div dir=\"auto\">El evento, que reunir\u00e1 a los mejores peleadores del pa\u00eds, incluido los miembros de la selecci\u00f3n nacional, ser\u00e1 celebrado del 13 al 15 de noviembre pr\u00f3ximo en el polideportivo Fidel Mej\u00eda del municipio de Sabana Grande de Boy\u00e1, provincia Monte Plata.<\/div>\n<div dir=\"auto\"><\/div>\n<div dir=\"auto\">Rub\u00e9n Garc\u00eda, presidente de la Fedoboxa, quien estuvo acompa\u00f1ado por el presidente Ad Vitam de esa instituci\u00f3n, ingeniero Bienvenido Solano, explic\u00f3 que en la justa competir\u00e1n representantes de las seis zonas en que deportivamente ha sido dividida Rep\u00fablica Dominicana.<\/div>\n<div dir=\"auto\">\u201cPara la celebraci\u00f3n del torneo, primero realizamos las eliminatorias correspondientes hasta seleccionar a los representantes de las zonas Norte, Sur, Este, Provincia Santo Domingo, Distrito Nacional y los anfitriones de Monte Plata, liderado por Sabana Grande de Boy\u00e1, plante\u00f3 el presidente de la entidad que gobierna el boxeo en el pa\u00eds.<\/div>\n<div dir=\"auto\"><\/div>\n<div dir=\"auto\">Juramentan CO<\/div>\n<div dir=\"auto\"><\/div>\n<div dir=\"auto\">Rub\u00e9n Garc\u00eda hizo el anuncio sobre la celebraci\u00f3n del Torneo Nacional de Boxeo \u00c9lite en el marco de un acto celebrado en las oficinas\u00a0 de la Fedoboxa, donde el juramento al Comit\u00e9 Organizador que encabeza el viceministro Franklin de la Mota.<\/div>\n<div dir=\"auto\"><\/div>\n<div dir=\"auto\">Tambi\u00e9n fueron juramentados el diputado por la provincia de Monte Plata Jhon Contreras, quien forma parte de la Comisi\u00f3n de Deportes de la C\u00e1mara de Diputados; el reconocido dirigente deportivo nacional Fausto Severino, el periodista Primitivo Cadete, presidente de la Asociaci\u00f3n de Boxeo de Monte Plata; el empresario Carlos Sili\u00e9, la ex diputada Carmen Leyda Mora, as\u00ed como los deportistas\u00a0 \u00c1ngel Contreras, Humberto Vichez, Bienvenido Castillo y Danny Suarez.<\/div>\n<div dir=\"auto\"><\/div>\n<div dir=\"auto\"><\/div>\n<div dir=\"auto\">De la Mota se mostr\u00f3 complacido por presidir una vez m\u00e1s a los organizadores del torneo de boxeo \u00e9lite, dada la calidad y capacidad de trabajo de los hombres y mujeres que integran ese equipo.<\/div>\n<div dir=\"auto\"><\/div>\n<div dir=\"auto\">Record\u00f3 que S\u00e1bana Grande de Boya se ha constituido en la capital del boxeo aficionado del pa\u00eds, lo que junto a la acostumbrada integraci\u00f3n de sus municiones, el respaldo del p\u00fablico y la calidad de los atletas participantes, permiten predecir la celebraci\u00f3n exitosa del Torneo Nacional de Boxeo \u00c9lite.<\/div>\n","protected":false},"excerpt":{"rendered":"<p>La Federaci\u00f3n Dominicana de Boxeo Aficionado (Fedoboxa) anunci\u00f3 la celebraci\u00f3n de la edici\u00f3n 40 del Torneo Nacional \u00c9lite y jurament\u00f3 como presidente del Comit\u00e9 Organizador al viceministro de Deportes, Franklin De la Mota. El evento, que reunir\u00e1 a los mejores peleadores del pa\u00eds, incluido los miembros de la selecci\u00f3n nacional, ser\u00e1 celebrado del 13 al [&hellip;]<\/p>\n","protected":false},"author":20,"featured_media":133637,"comment_status":"closed","ping_status":"closed","sticky":false,"template":"","format":"standard","meta":[],"categories":[3,2],"tags":[24683],"acf":[],"_links":{"self":[{"href":"https:\/\/colimdo.org\/wp-api\/wp\/v2\/posts\/133636"}],"collection":[{"href":"https:\/\/colimdo.org\/wp-api\/wp\/v2\/posts"}],"about":[{"href":"https:\/\/colimdo.org\/wp-api\/wp\/v2\/types\/post"}],"author":[{"embeddable":true,"href":"https:\/\/colimdo.org\/wp-api\/wp\/v2\/users\/20"}],"replies":[{"embeddable":true,"href":"https:\/\/colimdo.org\/wp-api\/wp\/v2\/comments?post=133636"}],"version-history":[{"count":1,"href":"https:\/\/colimdo.org\/wp-api\/wp\/v2\/posts\/133636\/revisions"}],"predecessor-version":[{"id":133638,"href":"https:\/\/colimdo.org\/wp-api\/wp\/v2\/posts\/133636\/revisions\/133638"}],"wp:featuredmedia":[{"embeddable":true,"href":"https:\/\/colimdo.org\/wp-api\/wp\/v2\/media\/133637"}],"wp:attachment":[{"href":"https:\/\/colimdo.org\/wp-api\/wp\/v2\/media?parent=133636"}],"wp:term":[{"taxonomy":"category","embeddable":true,"href":"https:\/\/colimdo.org\/wp-api\/wp\/v2\/categories?post=133636"},{"taxonomy":"post_tag","embeddable":true,"href":"https:\/\/colimdo.org\/wp-api\/wp\/v2\/tags?post=133636"}],"curies":[{"name":"wp","href":"https:\/\/api.w.org\/{rel}","templated":true}]}}