{"id":133657,"date":"2025-10-07T13:19:54","date_gmt":"2025-10-07T13:19:54","guid":{"rendered":"https:\/\/colimdo.org\/?p=133657"},"modified":"2025-10-07T13:19:54","modified_gmt":"2025-10-07T13:19:54","slug":"gala-acds-madelyn-atleta-del-ano-dolcine-y-santana-martinez-comparten-cronista-del-ano","status":"publish","type":"post","link":"https:\/\/colimdo.org\/noticias\/gala-acds-madelyn-atleta-del-ano-dolcine-y-santana-martinez-comparten-cronista-del-ano\/","title":{"rendered":"Gala ACDS; Madelyn, Atleta del A\u00f1o; Dolcin\u00e9 y Santana Mart\u00ednez comparten \u201cCronista del A\u00f1o\u201d"},"content":{"rendered":"<p>SANTIAGO.- La taekwondista Madelyn Rodr\u00edguez fue proclamada Atleta del A\u00f1o durante la 62.\u00aa gala de la Asociaci\u00f3n de Cronistas Deportivos de Santiago (ACDS). En los Premios Luis Luque, Santiago Dolcin\u00e9 y Santana Mart\u00ednez compartieron el premio especial \u201cCronista del A\u00f1o\u201d, una doble distinci\u00f3n que subraya su impacto en la cr\u00f3nica local.<\/p>\n<p>La ceremonia tuvo lugar la noche del lunes en la sala especial del Centro de Convenciones y Cultura Dominicana de UTESA. Rodr\u00edguez, quien se encuentra en Europa afinando su preparaci\u00f3n para compromisos internacionales, fue representada por Camila Mart\u00ednez. Los principales galardones fueron entregados por Am\u00e9rico Cabrera, Garibaldi Bautista, presidente del Comit\u00e9 Ol\u00edmpico Dominicano; Rub\u00e9n Santana, subgerente de Relaciones P\u00fablicas de Banreservas ; Iris N\u00fa\u00f1ez, vicepresidenta de las \u00c1guilas Cibae\u00f1as; y Ridalvi Mateo, de la Asociaci\u00f3n Cibao de Ahorros y Pr\u00e9stamos.<\/p>\n<p>En el discurso central, Am\u00e9rico Cabrera felicit\u00f3 a los atletas y entrenadores de Santiago y destac\u00f3 la inclusi\u00f3n del libro \u201cPioneros y Proezas de Dominicanos en Grandes Ligas\u201d, de Kevin Cabral y Rolando Guante, en la Biblioteca del Sal\u00f3n de la Fama del B\u00e9isbol en Cooperstown.<\/p>\n<p>Cabral recibi\u00f3 un reconocimiento especial, entregado por el alcalde de Santiago, Ulises Rodr\u00edguez, y el ministro de Deportes, Kelvin Cruz, quienes tambi\u00e9n dirigieron palabras a los presentes, para destacar la agresiva pol\u00edtica deportiva que lleva a cabo el gobierno del Presidente Luis Abinader .<\/p>\n<p>La gala abri\u00f3 con un vistoso opening del grupo de baile Osthree 60 y la presentaci\u00f3n art\u00edstica de Carolyn Rodr\u00edguez. El recibimiento estuvo amenizado por el saxofonista Samuel Coronado, quien adem\u00e1s de colmar con buena m\u00fasica el ambiente, interpret\u00f3 el Himno Nacional para dar paso al programa formal.<\/p>\n<p>Banreservas fungi\u00f3 como auspiciador principal; acompa\u00f1aron como patrocinadores el MIDEREC, la Alcald\u00eda de Santiago, ProIndustria, la Fundaci\u00f3n Cibao FC y la Asociaci\u00f3n Cibao de Ahorros y Pr\u00e9stamos; y como copatrocinadores, Cementos Cibao, La Aurora, Baltimore Dominicana (BALDOM), Castro Sport y Caribbean Digital TV.<\/p>\n<p>Atletas premiados<br \/>\n\u00b7 Atletismo: Natasha M\u00e9ndez (f) y Melvin Marcelino (m).<\/p>\n<p>\u00b7 Baloncesto: Chantal L\u00f3pez (f) y \u00c1ngel Javier (m).<\/p>\n<p>\u00b7 B\u00e9isbol:<\/p>\n<p>o Ol\u00edmpico superior: F\u00e9lix Soriano.<\/p>\n<p>o Juvenil: Christopher Ayala.<\/p>\n<p>o Profesional LIDOM: Aderl\u00edn Rodr\u00edguez.<\/p>\n<p>o Santiaguero en MLB: Willy Adames.<\/p>\n<p>\u00b7 Boxeo: Yendry \u00c1lvarez (f) e Ismael de los Santos (m).<\/p>\n<p>\u00b7 Ciclismo: Mar\u00eda Vega (f) y Anderson Aracena (m).<\/p>\n<p>\u00b7 Fisiculturismo: Liliana Torres (f) y Darling Brito (m).<\/p>\n<p>\u00b7 F\u00fatbol: Marcela Zimbr\u00f3n (f) y Edwin Fr\u00edas (m). Profesional: Lucas Bret\u00f3n.<\/p>\n<p>\u00b7 Gimnasia: Victoria Knupper.<\/p>\n<p>\u00b7 Karate: Brianna Suero (f) y Brandolf Grull\u00f3n (m).<\/p>\n<p>\u00b7 Kickboxing: Darienly Contreras (f) y \u00c1ngel Nivar (m).<\/p>\n<p>\u00b7 Nataci\u00f3n: Darielys Ortiz (f) y Josu\u00e9 Dom\u00ednguez (m).<\/p>\n<p>\u00b7 Softbol: Anabel Ulloa (f) y El\u00edas Valerio (m).<\/p>\n<p>\u00b7 Taekwondo: Madelyn Rodr\u00edguez (f) y Sa\u00fal Tav\u00e1rez (m).<\/p>\n<p>\u00b7 Tenis de campo: Paz Cabral (f) y Peter Beltr\u00e1n (m).<\/p>\n<p>\u00b7 Tenis de mesa: Eva Brito (f) y Ram\u00f3n Vila Mena (m).<\/p>\n<p>\u00b7 Tiro con arco: Rub\u00e9n Jim\u00e9nez Mustaf\u00e1.<\/p>\n<p>\u00b7 Triatl\u00f3n: Laura Batlle.<\/p>\n<p>Premios Luis Luque \u2013 Cr\u00f3nica deportiva<\/p>\n<p>Camar\u00f3grafo (Bernardo Minier): Carlos Jos\u00e9 Delmonte.<br \/>\nFot\u00f3grafo (Antonio Mart\u00ednez): Rafael Tony N\u00fa\u00f1ez.<br \/>\nCronista Femenina (Dionisia P\u00e9rez): Zobeida Rivas.<br \/>\nRadio (Reynaldo Filpo): Amanecer Deportivo (El\u00edas Wehbe).<br \/>\nPrograma semanal\/especializado: Pasi\u00f3n Deportiva.<br \/>\nTelevisi\u00f3n (C\u00e9sar Delmonte y Consuegra): Infodeportivas \u2014 Santana Mart\u00ednez; Al Mediod\u00eda Deportes \u2014 David Cepeda.<br \/>\nPrensa escrita (Domingo Saint-Hilaire Hijo): Bienvenido \u201cTuto\u201d Tav\u00e1rez.<br \/>\nMedios digitales (Rafael \u201cPappy\u201d P\u00e9rez): Ezequiel Sosa y Leonardo P\u00e9rez.<br \/>\nLocutor comercial (Virgilio Cepeda): Wilson Silverio y Juan Pe\u00f1a.<br \/>\nCronista militante (Juan Mendoza): Rafael \u201cFellito\u201d Ortiz y H\u00e9ctor Cep\u00edn.<br \/>\nCronista en el extranjero (Rafael \u201cPaquete\u201d Fern\u00e1ndez): Tenchy Rodr\u00edguez.<br \/>\nPlataforma digital del a\u00f1o: Laliga Work.<br \/>\nComentarista (F\u00e9lix Bruno): Juan Saint-Hilaire.<br \/>\nNarrador (Ram\u00f3n De Luna): empate \u2014 Santana Mart\u00ednez y Santiago Dolcin\u00e9; ambos comparten el \u201cCronista del A\u00f1o\u201d.<br \/>\nCon un gui\u00f3n sobrio, una producci\u00f3n elegante y una n\u00f3mina de premiados que sintetiza el a\u00f1o deportivo de la ciudad, la 62.\u00aa Gala ACDS\u2013Banreservas reafirm\u00f3 el sitial de Santiago como cuna de atletas y de una cr\u00f3nica deportiva de alta factura.<\/p>\n","protected":false},"excerpt":{"rendered":"<p>SANTIAGO.- La taekwondista Madelyn Rodr\u00edguez fue proclamada Atleta del A\u00f1o durante la 62.\u00aa gala de la Asociaci\u00f3n de Cronistas Deportivos de Santiago (ACDS). En los Premios Luis Luque, Santiago Dolcin\u00e9 y Santana Mart\u00ednez compartieron el premio especial \u201cCronista del A\u00f1o\u201d, una doble distinci\u00f3n que subraya su impacto en la cr\u00f3nica local. La ceremonia tuvo lugar [&hellip;]<\/p>\n","protected":false},"author":20,"featured_media":133658,"comment_status":"closed","ping_status":"closed","sticky":false,"template":"","format":"standard","meta":[],"categories":[83143,2],"tags":[100919],"acf":[],"_links":{"self":[{"href":"https:\/\/colimdo.org\/wp-api\/wp\/v2\/posts\/133657"}],"collection":[{"href":"https:\/\/colimdo.org\/wp-api\/wp\/v2\/posts"}],"about":[{"href":"https:\/\/colimdo.org\/wp-api\/wp\/v2\/types\/post"}],"author":[{"embeddable":true,"href":"https:\/\/colimdo.org\/wp-api\/wp\/v2\/users\/20"}],"replies":[{"embeddable":true,"href":"https:\/\/colimdo.org\/wp-api\/wp\/v2\/comments?post=133657"}],"version-history":[{"count":1,"href":"https:\/\/colimdo.org\/wp-api\/wp\/v2\/posts\/133657\/revisions"}],"predecessor-version":[{"id":133659,"href":"https:\/\/colimdo.org\/wp-api\/wp\/v2\/posts\/133657\/revisions\/133659"}],"wp:featuredmedia":[{"embeddable":true,"href":"https:\/\/colimdo.org\/wp-api\/wp\/v2\/media\/133658"}],"wp:attachment":[{"href":"https:\/\/colimdo.org\/wp-api\/wp\/v2\/media?parent=133657"}],"wp:term":[{"taxonomy":"category","embeddable":true,"href":"https:\/\/colimdo.org\/wp-api\/wp\/v2\/categories?post=133657"},{"taxonomy":"post_tag","embeddable":true,"href":"https:\/\/colimdo.org\/wp-api\/wp\/v2\/tags?post=133657"}],"curies":[{"name":"wp","href":"https:\/\/api.w.org\/{rel}","templated":true}]}}