{"id":133972,"date":"2025-10-18T00:30:06","date_gmt":"2025-10-18T00:30:06","guid":{"rendered":"https:\/\/colimdo.org\/?p=133972"},"modified":"2025-10-18T00:30:06","modified_gmt":"2025-10-18T00:30:06","slug":"bartolo-tejada-y-franco-encabezan-clase-2025-de-exaltacion-del-salon-de-la-fama-del-beisbol-latino","status":"publish","type":"post","link":"https:\/\/colimdo.org\/noticias\/bartolo-tejada-y-franco-encabezan-clase-2025-de-exaltacion-del-salon-de-la-fama-del-beisbol-latino\/","title":{"rendered":"Bartolo, Tejada y Franco encabezan clase 2025 de Exaltaci\u00f3n del Sal\u00f3n de la Fama del B\u00e9isbol Latino"},"content":{"rendered":"<p>PUERTO PLATA, R.D. \u2013 La ciudad de Puerto Plata se viste de gala con la celebraci\u00f3n de la Duod\u00e9cima Exaltaci\u00f3n del Sal\u00f3n de la Fama del B\u00e9isbol Latino, un evento que, por primera vez, tiene como sede la \u201cNovia del Atl\u00e1ntico\u201d y que promete dejar una huella imborrable en la historia del deporte dominicano. La cita ser\u00e1 del 28 al 30 de noviembre del presente a\u00f1o.<\/p>\n<p>Durante la rueda de prensa oficial, los organizadores destacaron el gran apoyo y entusiasmo mostrados por el pueblo puertoplate\u00f1o hacia el b\u00e9isbol y el deporte en general. La actividad cont\u00f3 con una destacada asistencia de la prensa local, reafirmando el compromiso de la provincia con el crecimiento del turismo deportivo.<\/p>\n<p>Entre los protagonistas de esta exaltaci\u00f3n se encuentra el legendario lanzador dominicano Bartolo Col\u00f3n, quien encabeza una clase de lujo junto a Adri\u00e1n Gonz\u00e1lez, Miguel Tejada, Julio C\u00e9sar Franco y Francisco \u201cEl Kid\u201d Rodr\u00edguez.<\/p>\n<p>\u201cPara m\u00ed es un orgullo ser exaltado al Sal\u00f3n de la Fama Latino, y m\u00e1s a\u00fan en mi provincia, Puerto Plata\u201d, expres\u00f3 Col\u00f3n con emoci\u00f3n.<\/p>\n<p>\u201cDesde hace mucho estaba esperando este momento. Todo llega a su debido tiempo, y gracias a Dios me toc\u00f3 ahora, aqu\u00ed, en mi tierra.\u201d<\/p>\n<p>El exlanzador tambi\u00e9n destac\u00f3 lo especial que resulta compartir este honor con figuras con las que coincidi\u00f3 en su carrera.<\/p>\n<p>\u201cJugu\u00e9 con Julio Franco en Cleveland, con Tejada en las \u00c1guilas, y \u2018El Kid\u2019 me salv\u00f3 el juego n\u00famero 20 en 2005. Adri\u00e1n Gonz\u00e1lez me dio mucho palo, pero para m\u00ed es un orgullo estar junto a todos ellos\u201d, coment\u00f3 entre risas.<\/p>\n<p><strong>Puerto Plata: nuevo escenario del turismo deportivo<\/strong><br \/>\nLa decisi\u00f3n de llevar el evento a Puerto Plata, luego de celebraciones anteriores en Punta Cana y La Romana, fue una iniciativa impulsada por Jerik P\u00e9rez, presidente de la Asociaci\u00f3n Dominicana de Turismo Deportivo, quien resalt\u00f3 la importancia de promover la provincia como destino para eventos deportivos de alto nivel.<\/p>\n<p>\u201cQuer\u00edamos que este evento sirviera de soporte y promoci\u00f3n para el turismo deportivo aqu\u00ed en Puerto Plata. Tener a Bartolo Col\u00f3n y a otras estrellas de renombre mundial es un impulso enorme para la zona\u201d, explic\u00f3 P\u00e9rez.<\/p>\n<p>Por su parte, Robinson Paredes, director ejecutivo del Sal\u00f3n de la Fama del B\u00e9isbol Latino, expres\u00f3 su entusiasmo por el impacto positivo que tendr\u00e1 el evento.<\/p>\n<p>\u201cLa presencia de Bartolo Col\u00f3n, un \u00edcono del b\u00e9isbol dominicano y latino, junto a figuras tan queridas como Tejada y Franco, va a traer mucha luz y alegr\u00eda a Puerto Plata.\u201d<\/p>\n<p><strong>Una selecci\u00f3n re\u00f1ida de leyendas<\/strong><br \/>\nEl proceso de selecci\u00f3n de los exaltados fue particularmente competitivo. De una lista inicial de 150<br \/>\ncandidatos, el comit\u00e9 redujo el grupo a 40 nombres, y finalmente, los cinco inmortales fueron escogidos<br \/>\npor votaci\u00f3n de la prensa internacional latina.<\/p>\n<p>\u201cFue una elecci\u00f3n muy re\u00f1ida. Algunos se quedaron fuera por uno o dos votos, pero todos los seleccionados tienen el m\u00e9rito suficiente para alcanzar la inmortalidad\u201d, explic\u00f3 Paredes.<\/p>\n<p><strong>Regocijo y emoci\u00f3n entre los exaltados<\/strong><br \/>\nLa noticia de su exaltaci\u00f3n fue recibida con gran alegr\u00eda por los jugadores. Seg\u00fan los organizadores, se han producido entrevistas y especiales televisivos para cada uno, incluyendo un reportaje sobre Adri\u00e1n Gonz\u00e1lez realizado por Carlitos \u00c1lvarez para Fox Sports.<\/p>\n<p>\u201cTodos los inmortales est\u00e1n muy contentos y emocionados de venir a Puerto Plata y disfrutar este momento. Hay un ambiente de regocijo total\u201d, a\u00f1adi\u00f3 Paredes.<\/p>\n<p><strong>Un fin de semana de emociones y novedades<\/strong><br \/>\nLa ceremonia de exaltaci\u00f3n conservar\u00e1 la esencia de a\u00f1os anteriores, con un espectacular montaje de audiovisuales, luces y presentaciones art\u00edsticas, bajo la visi\u00f3n general de Leonte Landino, reconocido productor de b\u00e9isbol internacional y Cabeza de Contenidos de la plataforma global Diamante 23 por su capacidad de convertir cada gala en una experiencia memorable.<\/p>\n<p>\u201cLeonte Landino tiene la magia de presentar en pantalla lo que todo el mundo disfruta\u201d, destac\u00f3 Robinson.<\/p>\n<p>Entre las novedades de este a\u00f1o figura un juego de softbol de leyendas, que promete ser uno de los momentos m\u00e1s emotivos del fin de semana.<\/p>\n<p>\u201cSer\u00e1 algo nuevo, muy grande y con mucho sentimiento beisbolero. Es la primera vez que se celebra un evento as\u00ed en Latinoam\u00e9rica con tantos jugadores juntos\u201d, indic\u00f3 P\u00e9rez.<\/p>\n<p>Adem\u00e1s, se realizar\u00e1 la tradicional \u2018Pe\u00f1a de Inmortales\u2019, un espacio \u00edntimo de conversaci\u00f3n con los exaltados, junto con diversas actividades familiares en Playa Dorada y otros destinos tur\u00edsticos de la provincia.<\/p>\n<p>&nbsp;<\/p>\n","protected":false},"excerpt":{"rendered":"<p>PUERTO PLATA, R.D. \u2013 La ciudad de Puerto Plata se viste de gala con la celebraci\u00f3n de la Duod\u00e9cima Exaltaci\u00f3n del Sal\u00f3n de la Fama del B\u00e9isbol Latino, un evento que, por primera vez, tiene como sede la \u201cNovia del Atl\u00e1ntico\u201d y que promete dejar una huella imborrable en la historia del deporte dominicano. La [&hellip;]<\/p>\n","protected":false},"author":20,"featured_media":133973,"comment_status":"closed","ping_status":"closed","sticky":false,"template":"","format":"standard","meta":[],"categories":[5,2],"tags":[24168,100954],"acf":[],"_links":{"self":[{"href":"https:\/\/colimdo.org\/wp-api\/wp\/v2\/posts\/133972"}],"collection":[{"href":"https:\/\/colimdo.org\/wp-api\/wp\/v2\/posts"}],"about":[{"href":"https:\/\/colimdo.org\/wp-api\/wp\/v2\/types\/post"}],"author":[{"embeddable":true,"href":"https:\/\/colimdo.org\/wp-api\/wp\/v2\/users\/20"}],"replies":[{"embeddable":true,"href":"https:\/\/colimdo.org\/wp-api\/wp\/v2\/comments?post=133972"}],"version-history":[{"count":1,"href":"https:\/\/colimdo.org\/wp-api\/wp\/v2\/posts\/133972\/revisions"}],"predecessor-version":[{"id":133974,"href":"https:\/\/colimdo.org\/wp-api\/wp\/v2\/posts\/133972\/revisions\/133974"}],"wp:featuredmedia":[{"embeddable":true,"href":"https:\/\/colimdo.org\/wp-api\/wp\/v2\/media\/133973"}],"wp:attachment":[{"href":"https:\/\/colimdo.org\/wp-api\/wp\/v2\/media?parent=133972"}],"wp:term":[{"taxonomy":"category","embeddable":true,"href":"https:\/\/colimdo.org\/wp-api\/wp\/v2\/categories?post=133972"},{"taxonomy":"post_tag","embeddable":true,"href":"https:\/\/colimdo.org\/wp-api\/wp\/v2\/tags?post=133972"}],"curies":[{"name":"wp","href":"https:\/\/api.w.org\/{rel}","templated":true}]}}