{"id":134020,"date":"2025-10-21T03:30:29","date_gmt":"2025-10-21T03:30:29","guid":{"rendered":"https:\/\/colimdo.org\/?p=134020"},"modified":"2025-10-21T03:30:29","modified_gmt":"2025-10-21T03:30:29","slug":"clubes-quisqueya-y-consuelo-inician-este-miercoles-el-tbs-de-san-pedro-de-macoris","status":"publish","type":"post","link":"https:\/\/colimdo.org\/noticias\/clubes-quisqueya-y-consuelo-inician-este-miercoles-el-tbs-de-san-pedro-de-macoris\/","title":{"rendered":"Clubes Quisqueya y Consuelo inician este mi\u00e9rcoles el TBS de San Pedro de Macor\u00eds"},"content":{"rendered":"<p style=\"font-weight: 400;\">SAN PEDRO DE MACOR\u00cdS, RD.- Los clubes Correcaminos de Quisqueya y Todos Estrellas de Consuelo inaugurar\u00e1n este mi\u00e9rcoles 22 el 43 Torneo de Baloncesto Superior de San Pedro de Macor\u00eds (TBS-SPM 2025), en el que se disputar\u00e1 la Copa BanReservas.<\/p>\n<p style=\"font-weight: 400;\">\n<p style=\"font-weight: 400;\">El partido est\u00e1 programado para las 8:00 de la noche, \u00fanico de la jornada de apertura, y se celebrar\u00e1 en la sede oficial del principal evento deportivo petromacorisano el remozado polideportivo Rolando Ram\u00edrez, del Complejo Deportivo Tomasito Binet.<\/p>\n<p style=\"font-weight: 400;\">\n<p style=\"font-weight: 400;\">La informaci\u00f3n la dieron este lunes Fausto Paulino, presidente de la Asociaci\u00f3n de Baloncesto de San Pedro de Macor\u00eds (Abasapema), y Pedro V\u00e1zquez, a la cabeza del Comit\u00e9 Organizador, en una rueda de prensa realizada en el Club De Leones, de la Sultana del Este.<\/p>\n<p style=\"font-weight: 400;\">\n<p style=\"font-weight: 400;\">Paulino y V\u00e1squez informaron que el certamen 2025 tiene una especial dedicatoria al ex jugador de baloncesto Ambioris Tejada e In Memoriam a Ram\u00f3n Tolentino, ex presidente de Abasapema e ide\u00f3logo de la Liga de B\u00e9isbol de Manny Acta y la Fundaci\u00f3n Impacta Kid\u00b4s.<\/p>\n<p style=\"font-weight: 400;\">\n<p style=\"font-weight: 400;\">La dedicatoria a Tejada se hizo por su destacada trayectoria deportiva como atleta de voleibol, softbol y basket en las d\u00e9cadas del 60\u00b4, 70 y 80\u00b4, donde accion\u00f3 en su ciudad natal, diferentes torneos de la regi\u00f3n Este del pa\u00eds y el TBS del Distrito Nacional, con el club Naco.<\/p>\n<p style=\"font-weight: 400;\">\n<p style=\"font-weight: 400;\">Los cronistas deportivos locales Manny del Rosario y Luis Rafael De Pe\u00f1a tuvieron a cargo las lecturas de las semblanzas de Tejada y Tolentino, respectivamente, y el pastor Fidel Castillo realiz\u00f3 la invocaci\u00f3n religiosa, previo al inicio de la concurrida actividad.<\/p>\n<p style=\"font-weight: 400;\">\n<p style=\"font-weight: 400;\">Adem\u00e1s de Quisqueya y Consuelo, competir\u00e1n otros cuatro tradicionales equipos como el club Centro, Titanes de Miramar, Warriors de M\u00e9xico y Retiro 23, en un campeonato que se jugar\u00e1 a una ronda de cinco partidos para cada equipo en la serie regular, en la que clasificar\u00e1n los mejores cuatro a la serie semifinal, pactada a un 3-2, y la ronda final al mejor de un 5-3.<\/p>\n<p style=\"font-weight: 400;\">\n<p style=\"font-weight: 400;\">La direcci\u00f3n t\u00e9cnica est\u00e1 a cargo de Amado Acosta, ex \u00e1rbitro de la Federaci\u00f3n Internacional de Baloncesto (FIBA), quien tambi\u00e9n se desempe\u00f1a como Comisario T\u00e9cnico en la Liga Nacional de Baloncesto Profesional de Rep\u00fablica Dominicana (La S\u00faper Liga LNB).<\/p>\n<p style=\"font-weight: 400;\">\n<p style=\"font-weight: 400;\">En la actividad acompa\u00f1aron a\u00a0Paulino, V\u00e1squez y Acosta los tambi\u00e9n integrantes del Comit\u00e9 Organizador, Carlos Dijol, qui\u00e9n ser\u00e1 el tesorero; el coronel Carlos Tapia Quezada en representaci\u00f3n del general (PN) Ram\u00f3n Ram\u00edrez Encarnaci\u00f3n, director provincial de la Polic\u00eda Nacional, quienes tendr\u00e1n a cargo la seguridad interna y externa del polideportivo Rolando Ram\u00edrez; Miguel Jim\u00e9nez (director provincial del Ministerio de Deportes); y Aneudy Rivera (Gerente general de los Indios de SFM en la LNB).<\/p>\n<p style=\"font-weight: 400;\">\n<p style=\"font-weight: 400;\">As\u00ed como, el diputado Alcib\u00edades Tav\u00e1rez, Jos\u00eda Cabrera, Nancy Santana (presidenta de la Asociaci\u00f3n de Cronistas Deportivos de San Pedro de Macor\u00eds), Raymundo Gantier, Carlos Beltr\u00e9, y los miembros del Comit\u00e9 Ejecutivo de Abasapema: Jos\u00e9 Manuel Ure\u00f1a, Fidel Castillo, Kathy Celestino, Mat\u00edas Sosa, Marianela Mateo y Pedro Isidro Santana.<\/p>\n","protected":false},"excerpt":{"rendered":"<p>SAN PEDRO DE MACOR\u00cdS, RD.- Los clubes Correcaminos de Quisqueya y Todos Estrellas de Consuelo inaugurar\u00e1n este mi\u00e9rcoles 22 el 43 Torneo de Baloncesto Superior de San Pedro de Macor\u00eds (TBS-SPM 2025), en el que se disputar\u00e1 la Copa BanReservas. El partido est\u00e1 programado para las 8:00 de la noche, \u00fanico de la jornada de [&hellip;]<\/p>\n","protected":false},"author":20,"featured_media":134021,"comment_status":"closed","ping_status":"closed","sticky":false,"template":"","format":"standard","meta":[],"categories":[83143,2],"tags":[100956],"acf":[],"_links":{"self":[{"href":"https:\/\/colimdo.org\/wp-api\/wp\/v2\/posts\/134020"}],"collection":[{"href":"https:\/\/colimdo.org\/wp-api\/wp\/v2\/posts"}],"about":[{"href":"https:\/\/colimdo.org\/wp-api\/wp\/v2\/types\/post"}],"author":[{"embeddable":true,"href":"https:\/\/colimdo.org\/wp-api\/wp\/v2\/users\/20"}],"replies":[{"embeddable":true,"href":"https:\/\/colimdo.org\/wp-api\/wp\/v2\/comments?post=134020"}],"version-history":[{"count":1,"href":"https:\/\/colimdo.org\/wp-api\/wp\/v2\/posts\/134020\/revisions"}],"predecessor-version":[{"id":134022,"href":"https:\/\/colimdo.org\/wp-api\/wp\/v2\/posts\/134020\/revisions\/134022"}],"wp:featuredmedia":[{"embeddable":true,"href":"https:\/\/colimdo.org\/wp-api\/wp\/v2\/media\/134021"}],"wp:attachment":[{"href":"https:\/\/colimdo.org\/wp-api\/wp\/v2\/media?parent=134020"}],"wp:term":[{"taxonomy":"category","embeddable":true,"href":"https:\/\/colimdo.org\/wp-api\/wp\/v2\/categories?post=134020"},{"taxonomy":"post_tag","embeddable":true,"href":"https:\/\/colimdo.org\/wp-api\/wp\/v2\/tags?post=134020"}],"curies":[{"name":"wp","href":"https:\/\/api.w.org\/{rel}","templated":true}]}}