{"id":134180,"date":"2025-10-27T18:49:26","date_gmt":"2025-10-27T18:49:26","guid":{"rendered":"https:\/\/colimdo.org\/?p=134180"},"modified":"2025-10-27T18:49:26","modified_gmt":"2025-10-27T18:49:26","slug":"munich-recibe-luz-verde-para-montaje-de-futuros-juegos","status":"publish","type":"post","link":"https:\/\/colimdo.org\/noticias\/munich-recibe-luz-verde-para-montaje-de-futuros-juegos\/","title":{"rendered":"M\u00fanich recibe luz verde para montaje de futuros Juegos"},"content":{"rendered":"<p><strong>INSIDE THE GAMES.-<\/strong> La capital b\u00e1vara ha dejado claro en las urnas que quiere recuperar su lugar como actor principal en el panorama deportivo mundial. Con el 66,4% de los votos a favor en el refer\u00e9ndum del domingo , una votaci\u00f3n con una participaci\u00f3n r\u00e9cord, los residentes respaldaron la candidatura para albergar los Juegos Ol\u00edmpicos de Verano en 2036, 2040 o 2044.<\/p>\n<p>El anuncio del resultado desat\u00f3 una oleada de j\u00fabilo en la Casa de los Deportes, donde aficionados, autoridades y atletas celebraron lo que muchos describieron como el renacimiento del sue\u00f1o ol\u00edmpico de M\u00fanich. \u00abEste es un buen d\u00eda para M\u00fanich\u00bb, declar\u00f3 el alcalde Dieter Reiter a la Deutsche Presse-Agentur , confirmando las cifras preliminares ante una multitud euf\u00f3rica. De los 1,1 millones de votantes con derecho a voto, m\u00e1s de 305.000 apoyaron la propuesta, frente a los 154.000 que se opusieron.<\/p>\n<p>El resultado no solo fue decisivo, sino tambi\u00e9n simb\u00f3licamente contundente: marca el primer refer\u00e9ndum exitoso en Alemania a favor de la sede de los Juegos Ol\u00edmpicos. &#8220;No hubo ni un solo caso excepcional; todos los distritos respaldan la candidatura ol\u00edmpica&#8221;, declar\u00f3 Reiter, y a\u00f1adi\u00f3: &#8220;Creo que ahora podemos abordar la solicitud con renovado entusiasmo y energ\u00eda&#8221;.<\/p>\n<p>En el \u00e1mbito pol\u00edtico, el primer ministro b\u00e1varo, Markus S\u00f6der, se erigi\u00f3 como la voz principal del entusiasmo. Desde el escenario improvisado en la fiesta de la afici\u00f3n, transmiti\u00f3 un mensaje de continuidad e impulso: &#8220;\u00a1Ahora s\u00ed que nos vamos! \u00a1Ahora s\u00ed que vamos a la cabeza!&#8221;. Calific\u00f3 la votaci\u00f3n como &#8220;una se\u00f1al muy fuerte&#8221; y a\u00f1adi\u00f3, entre aplausos, que era una &#8220;historia fant\u00e1stica&#8221;. Para S\u00f6der, M\u00fanich se sit\u00faa ahora en la primera posici\u00f3n a nivel nacional en la carrera por representar a Alemania ante el Comit\u00e9 Ol\u00edmpico Internacional.<\/p>\n<p>El presidente de la Asociaci\u00f3n Estatal de Deportes de Baviera, J\u00f6rg Ammon, comparti\u00f3 la euforia y calific\u00f3 el resultado como &#8220;un resultado so\u00f1ado&#8221;. Destac\u00f3 que era &#8220;un gran d\u00eda para los atletas de los Juegos Ol\u00edmpicos y Paral\u00edmpicos&#8221; y argument\u00f3 que el voto popular demuestra la confianza en el poder del deporte para unir a la sociedad e impulsar el progreso de la ciudad.<\/p>\n<p>M\u00fanich apuesta por su experiencia, infraestructura y apoyo p\u00fablico para liderar el camino. La ciudad alberg\u00f3 los Juegos Ol\u00edmpicos de 1972 \u2014los \u00faltimos celebrados en Alemania\u2014 y a\u00fan conserva muchas de las instalaciones que se utilizaron entonces, como el Estadio Ol\u00edmpico. Reutilizar estas instalaciones es la baza de la capital, especialmente tras el fracaso de la candidatura para los Juegos de Invierno de 2022. La estrategia actual busca mostrar un modelo responsable, sostenible y eficiente.<\/p>\n<p>Los promotores destacan que el evento servir\u00eda como catalizador de proyectos urbanos y de transporte largamente esperados. La propuesta incluye inversi\u00f3n en transporte p\u00fablico, mejoras de infraestructura y nuevas viviendas en el norte de la ciudad, donde se construir\u00eda la Villa Ol\u00edmpica. El ayuntamiento ya est\u00e1 renovando el Estadio Ol\u00edmpico y construyendo nuevas instalaciones deportivas, como una pista de tenis en el MTTC Iphitos.<\/p>\n<p>La votaci\u00f3n del domingo permite al ayuntamiento avanzar con mayor confianza, aunque las decisiones importantes se pospondr\u00e1n hasta que la Confederaci\u00f3n Alemana de Deportes Ol\u00edmpicos (DOSB) defina su postura en oto\u00f1o de 2026 en una asamblea extraordinaria para decidir qu\u00e9 candidato representar\u00e1 a Alemania ante el COI: M\u00fanich, Berl\u00edn, Hamburgo o la regi\u00f3n del Rin-Ruhr. Hasta entonces, Baviera seguir\u00e1 perfeccionando su propuesta, consciente de que pa\u00edses como India, Catar y Arabia Saud\u00ed est\u00e1n preparando fuertes campa\u00f1as para asegurar los Juegos. Mientras tanto, el gobierno municipal se enfrenta a otros retos pol\u00edticos, con las elecciones locales previstas para marzo pr\u00f3ximo, un factor que inevitablemente entrelazar\u00e1 el debate ol\u00edmpico con el clima electoral.<\/p>\n<p>El optimismo tambi\u00e9n se extiende a nivel internacional. El miembro alem\u00e1n del COI, Michael Mronz, declar\u00f3 en Table Briefings que el voto de M\u00fanich es positivo y que, si logramos que la pol\u00edtica, la sociedad y las empresas hablen al un\u00edsono, Alemania puede ser un contendiente muy serio. Tambi\u00e9n record\u00f3 que el talento organizativo y la fiabilidad de los contratos del pa\u00eds son cualidades muy valoradas por el COI.<\/p>\n<p>Pero no todos celebraron la noche del refer\u00e9ndum. En el centro cultural Casa Griega, donde se reunieron los opositores a la candidatura , el ambiente era muy diferente. &#8220;No esper\u00e1bamos que fuera tan claro&#8221;, admiti\u00f3 Stefan Jagel, l\u00edder del partido Die Linke en el ayuntamiento, seg\u00fan el S\u00fcddeutsche Zeitung . &#8220;Esta es una decisi\u00f3n democr\u00e1tica que respetamos&#8221;, declar\u00f3 Ludwig Hartmann, el principal opositor, pol\u00edtico del partido verde y vicepresidente del parlamento b\u00e1varo. Las \u00faltimas semanas, enfatiz\u00f3, han sido una batalla de David contra Goliat contra la poderosa campa\u00f1a pro-ciudad de la ciudad. &#8220;Al mismo tiempo, las cr\u00edticas sobre los costes, la sostenibilidad y la transparencia siguen siendo relevantes&#8221;, a\u00f1adi\u00f3.<\/p>\n<p>Los cr\u00edticos argumentan que la votaci\u00f3n fue &#8220;todo menos justa&#8221;. Hartmann denunci\u00f3 ante la prensa alemana el constante bombardeo de propaganda en calles, estaciones de metro e incluso en el Oktoberfest, mientras que Jagel acus\u00f3 a la ciudad de haber financiado parte de la campa\u00f1a con dinero p\u00fablico. &#8220;El bando pro y los l\u00edderes municipales manipularon la situaci\u00f3n de forma desmesurada&#8221;, declar\u00f3. Para Tobias Ruff, l\u00edder del grupo municipal del Partido Dem\u00f3crata Ecol\u00f3gico, la derrota fue &#8220;desafortunadamente bastante clara&#8221;, pero insisti\u00f3: &#8220;Queremos referendos ciudadanos, as\u00ed que debemos aceptar el resultado y tomarlo con deportividad&#8221;.<\/p>\n<p>La oposici\u00f3n teme que el proyecto implique altos costos, aumento de alquileres y nuevos desequilibrios urbanos. En su opini\u00f3n, los fondos p\u00fablicos deber\u00edan destinarse a vivienda o desarrollo sostenible en lugar de a un megaevento deportivo. \u00abSeguiremos de cerca si las promesas de la candidatura se cumplen\u00bb, advirti\u00f3 Hartmann.<\/p>\n<p>El debate sobre las consecuencias de los Juegos no es nuevo. En 2013, la ciudad y varios municipios alpinos rechazaron en refer\u00e9ndum la candidatura para los Juegos Ol\u00edmpicos de Invierno de 2022. Doce a\u00f1os despu\u00e9s, el contexto es diferente: la crisis energ\u00e9tica y el auge del discurso ambiental han redefinido las prioridades, y la candidatura de M\u00fanich busca presentarse como un ejemplo de sostenibilidad y legado.<\/p>\n<p>A pesar de las cr\u00edticas, incluso algunos esc\u00e9pticos reconocen el valor del proceso democr\u00e1tico. &#8220;Naturalmente, respetamos el voto&#8221;, dijo Jagel, se\u00f1alando que la participaci\u00f3n ciudadana es esencial, incluso si el resultado no es el esperado. Para los opositores, la tarea ahora ser\u00e1 la supervisi\u00f3n. &#8220;Seguiremos de cerca c\u00f3mo se gasta el dinero y c\u00f3mo se cumplen las promesas&#8221;.<\/p>\n<p>Aunque el proceso ser\u00e1 largo, Baviera est\u00e1 imbuida de una sensaci\u00f3n de progreso. Quienes apoyaron el s\u00ed conf\u00edan en que el respaldo p\u00fablico impulsar\u00e1 la candidatura alemana y convencer\u00e1 al COI de que vuelva a confiar en el pa\u00eds, medio siglo despu\u00e9s de 1972. El voto tambi\u00e9n refuerza la idea de que el esp\u00edritu ol\u00edmpico a\u00fan tiene ra\u00edces en Alemania, en contraste con el escepticismo que domin\u00f3 los intentos anteriores.<\/p>\n<p>Al caer la noche del domingo, las luces del Parque Ol\u00edmpico iluminaron una ciudad que redescubr\u00eda su ambici\u00f3n. Entre el entusiasmo y la cautela, M\u00fanich se considera heredera de una historia que comenz\u00f3 hace cincuenta a\u00f1os y ahora busca un nuevo cap\u00edtulo. \u00abCreo que ahora podemos abordar la candidatura con energ\u00eda y entusiasmo renovados\u00bb, resumi\u00f3 el alcalde Reiter.<\/p>\n<p>&nbsp;<\/p>\n","protected":false},"excerpt":{"rendered":"<p>INSIDE THE GAMES.- La capital b\u00e1vara ha dejado claro en las urnas que quiere recuperar su lugar como actor principal en el panorama deportivo mundial. Con el 66,4% de los votos a favor en el refer\u00e9ndum del domingo , una votaci\u00f3n con una participaci\u00f3n r\u00e9cord, los residentes respaldaron la candidatura para albergar los Juegos Ol\u00edmpicos [&hellip;]<\/p>\n","protected":false},"author":20,"featured_media":134181,"comment_status":"closed","ping_status":"closed","sticky":false,"template":"","format":"standard","meta":[],"categories":[5,2],"tags":[100983],"acf":[],"_links":{"self":[{"href":"https:\/\/colimdo.org\/wp-api\/wp\/v2\/posts\/134180"}],"collection":[{"href":"https:\/\/colimdo.org\/wp-api\/wp\/v2\/posts"}],"about":[{"href":"https:\/\/colimdo.org\/wp-api\/wp\/v2\/types\/post"}],"author":[{"embeddable":true,"href":"https:\/\/colimdo.org\/wp-api\/wp\/v2\/users\/20"}],"replies":[{"embeddable":true,"href":"https:\/\/colimdo.org\/wp-api\/wp\/v2\/comments?post=134180"}],"version-history":[{"count":1,"href":"https:\/\/colimdo.org\/wp-api\/wp\/v2\/posts\/134180\/revisions"}],"predecessor-version":[{"id":134182,"href":"https:\/\/colimdo.org\/wp-api\/wp\/v2\/posts\/134180\/revisions\/134182"}],"wp:featuredmedia":[{"embeddable":true,"href":"https:\/\/colimdo.org\/wp-api\/wp\/v2\/media\/134181"}],"wp:attachment":[{"href":"https:\/\/colimdo.org\/wp-api\/wp\/v2\/media?parent=134180"}],"wp:term":[{"taxonomy":"category","embeddable":true,"href":"https:\/\/colimdo.org\/wp-api\/wp\/v2\/categories?post=134180"},{"taxonomy":"post_tag","embeddable":true,"href":"https:\/\/colimdo.org\/wp-api\/wp\/v2\/tags?post=134180"}],"curies":[{"name":"wp","href":"https:\/\/api.w.org\/{rel}","templated":true}]}}