{"id":134192,"date":"2025-10-28T14:51:00","date_gmt":"2025-10-28T14:51:00","guid":{"rendered":"https:\/\/colimdo.org\/?p=134192"},"modified":"2025-10-28T14:51:00","modified_gmt":"2025-10-28T14:51:00","slug":"autoridades-de-guadalajara-afirman-que-la-ciudad-sera-una-de-las-mejores-sedes-del-mundial","status":"publish","type":"post","link":"https:\/\/colimdo.org\/noticias\/autoridades-de-guadalajara-afirman-que-la-ciudad-sera-una-de-las-mejores-sedes-del-mundial\/","title":{"rendered":"Autoridades de Guadalajara afirman que la ciudad ser\u00e1 una de las mejores sedes del Mundial"},"content":{"rendered":"<p>M\u00e9xico, EFE.- La ciudad de Guadalajara tiene todas las condiciones para ser una de las principales sedes de la Copa Mundial de f\u00fatbol del 2026, asegur\u00f3 este lunes el gobernador del estado mexicano de Jalisco, Pablo Lemus, en una presentaci\u00f3n en Ciudad de M\u00e9xico.<\/p>\n<p>&#8220;Nosotros iniciamos este trabajo hace pr\u00e1cticamente diez a\u00f1os; como alcalde de Zapopan en aquel momento, tuve la oportunidad de firmar la solicitud ante FIFA para certificar el Estadio Omnilife, en aquel entonces, como estadio mundialista y desde entonces no hemos dejado de trabajar&#8221;, explic\u00f3.<\/p>\n<p>Lemus confirm\u00f3 que los preparativos para la fiesta deportiva est\u00e1n muy adelantados y Guadalajara, lista para confirmarse como la sede m\u00e1s mexicana, como corresponde a una ciudad con muchos de los s\u00edmbolos con los cuales identifican al pa\u00eds.<\/p>\n<p>&#8220;Cuando se habla de M\u00e9xico en el mundo los grandes s\u00edmbolos son de Jalisco como los mariachis y el tequila. Adem\u00e1s, tenemos muchos grandes deportistas y artistas&#8221;, record\u00f3.<\/p>\n<p>Los partidos del Mundial en Guadalajara ser\u00e1n el 11, el 18 y el 23 y el 26 de junio en la fase de grupos, el segundo de ellos con M\u00e9xico como uno de los rivales.<\/p>\n<p>El Gobernador record\u00f3 que las otras dos veces que M\u00e9xico fue sede del Mundial, en 1970 y 1986, Guadalajara no recibi\u00f3 al equipo nacional y esta vez el hecho se convertir\u00e1 en una gran fiesta con los tapat\u00edos volcados para apoyar al Tri.<\/p>\n<p>Los futbolistas Ram\u00f3n Morales, Carlos Salcido y Fernando Quirarte, adem\u00e1s de la medallista ol\u00edmpica de saltos Alejandra Orozco estuvieron presentes en la rueda de prensa, como embajadores del Mundial.<\/p>\n<p>Adem\u00e1s de explicar un gran plan para garantizar la seguridad, Lemus confirm\u00f3 una inversi\u00f3n de 12.000 millones de pesos (unos 600.000 d\u00f3lares) para regenerar las v\u00edas de acceso a la ciudad desde el aeropuerto, con un incremento a tres carriles por v\u00edas en una carretera, con gran iluminaci\u00f3n y aceras.<\/p>\n<p>&#8220;Tenemos el mejor aeropuerto de Latinoam\u00e9rica; cuando lleguen los visitantes, van a decir es un aeropuerto de primer mundo, con infraestructura y una gran conectividad&#8221;, agreg\u00f3.<\/p>\n<p>En la presentaci\u00f3n de la sede, las autoridades de Jalisco presumieron la pasi\u00f3n de los tapat\u00edos por el f\u00fatbol, lo cual garantizar\u00e1 que el Mundial se convierta en una fiesta no s\u00f3lo durante los cuatro partidos en la ciudad, sino durante todo el Mundial.<\/p>\n<p>&#8220;Nos estamos preparando para que sean cuatro d\u00edas sino 39, en los que vamos a recibir entre 2,5 y tres millones de turistas a los que invitamos para que visiten Puerto Vallarta o algunos de nuesros pueblos m\u00e1gicos&#8221;, asever\u00f3 Lem\u00fas.<\/p>\n<p>Las inversiones para el Mundial en Guadalajara han sido dise\u00f1adas con la idea de que beneficien a la ciudad y el estado despu\u00e9s del Mundial. &#8220;Ser\u00e1 un excusa para hacer grandes cosas&#8221;, se\u00f1al\u00f3 el gobernador.<\/p>\n<p>Una de las atracciones de la sede ser\u00e1 el Fan Fest, que tambi\u00e9n se realizar\u00e1 en los otros escenarios del Mundial, en el cual las autoridades han invertido para convertirlo en una fiesta con unos 65.000 participantes por d\u00eda.<\/p>\n<p>Ver\u00f3nica Delgadillo, presidenta municipal de Guadalajara, recalc\u00f3 la belleza de la urbe del occidente del pa\u00eds, una de las m\u00e1s emblem\u00e1ticas de M\u00e9xico, y el entusiasmo de la gente por recibir el Mundial.<\/p>\n<p>A la par del f\u00fatbol Jalisco tendr\u00e1 numerosas ofertas culturales durante el Mundial, con artistas de primer nivel, gran parte de ellos originarios del estado.<\/p>\n","protected":false},"excerpt":{"rendered":"<p>M\u00e9xico, EFE.- La ciudad de Guadalajara tiene todas las condiciones para ser una de las principales sedes de la Copa Mundial de f\u00fatbol del 2026, asegur\u00f3 este lunes el gobernador del estado mexicano de Jalisco, Pablo Lemus, en una presentaci\u00f3n en Ciudad de M\u00e9xico. &#8220;Nosotros iniciamos este trabajo hace pr\u00e1cticamente diez a\u00f1os; como alcalde de [&hellip;]<\/p>\n","protected":false},"author":20,"featured_media":134193,"comment_status":"closed","ping_status":"closed","sticky":false,"template":"","format":"standard","meta":[],"categories":[5,2],"tags":[100985,94197],"acf":[],"_links":{"self":[{"href":"https:\/\/colimdo.org\/wp-api\/wp\/v2\/posts\/134192"}],"collection":[{"href":"https:\/\/colimdo.org\/wp-api\/wp\/v2\/posts"}],"about":[{"href":"https:\/\/colimdo.org\/wp-api\/wp\/v2\/types\/post"}],"author":[{"embeddable":true,"href":"https:\/\/colimdo.org\/wp-api\/wp\/v2\/users\/20"}],"replies":[{"embeddable":true,"href":"https:\/\/colimdo.org\/wp-api\/wp\/v2\/comments?post=134192"}],"version-history":[{"count":1,"href":"https:\/\/colimdo.org\/wp-api\/wp\/v2\/posts\/134192\/revisions"}],"predecessor-version":[{"id":134200,"href":"https:\/\/colimdo.org\/wp-api\/wp\/v2\/posts\/134192\/revisions\/134200"}],"wp:featuredmedia":[{"embeddable":true,"href":"https:\/\/colimdo.org\/wp-api\/wp\/v2\/media\/134193"}],"wp:attachment":[{"href":"https:\/\/colimdo.org\/wp-api\/wp\/v2\/media?parent=134192"}],"wp:term":[{"taxonomy":"category","embeddable":true,"href":"https:\/\/colimdo.org\/wp-api\/wp\/v2\/categories?post=134192"},{"taxonomy":"post_tag","embeddable":true,"href":"https:\/\/colimdo.org\/wp-api\/wp\/v2\/tags?post=134192"}],"curies":[{"name":"wp","href":"https:\/\/api.w.org\/{rel}","templated":true}]}}