{"id":134311,"date":"2025-10-31T10:05:20","date_gmt":"2025-10-31T10:05:20","guid":{"rendered":"https:\/\/colimdo.org\/?p=134311"},"modified":"2025-10-31T10:05:20","modified_gmt":"2025-10-31T10:05:20","slug":"vicepresidenta-raquel-pena-encabeza-entrega-de-pabellon-de-halterofilia","status":"publish","type":"post","link":"https:\/\/colimdo.org\/noticias\/vicepresidenta-raquel-pena-encabeza-entrega-de-pabellon-de-halterofilia\/","title":{"rendered":"Vicepresidenta Raquel Pe\u00f1a encabeza entrega de Pabell\u00f3n de Halterofilia"},"content":{"rendered":"<p>La vicepresidenta de la Rep\u00fablica, Raquel Pe\u00f1a, junto al ministro de Vivienda y Edificaciones (MIVED), Carlos Bonilla, encabez\u00f3 este jueves la entrega del Pabell\u00f3n de Halterofi lia Dr. Jos\u00e9 Joaqu\u00edn Puello, en el Parque del Este, completamente remozado y adaptado a los m\u00e1s altos est\u00e1ndares internacionales. La obra, que benefi ciar\u00e1 a cientos de atletas dominicanos, forma parte del programa de modernizaci\u00f3n de infraestructuras deportivas que ejecuta el Gobierno del presidente Luis Abinader con miras a la celebraci\u00f3n de los XXV Juegos Centroamericanos y del Caribe Santo Domingo 2026, el evento deportivo m\u00e1s importante de la regi\u00f3n.<\/p>\n<p>Durante su intervenci\u00f3n, la vicepresidenta afirmo que este remozamiento representa una muestra del compromiso del Gobierno con la modernizaci\u00f3n de las instalaciones deportivas y la creaci\u00f3n de espacios dignos para el desarrollo del deporte nacional.<\/p>\n<p>\u201cCada espacio deportivo que entregamos representa un paso importante en el desarrollo del deporte dominicano y en la formaci\u00f3n de nuestros atletas. Bajo el liderazgo del presidente Luis Abinader seguimos invirtiendo en obras que fortalecen el talento y la identidad deportiva del pa\u00eds\u201d, expres\u00f3 Pe\u00f1a.<\/p>\n<p>La vicepresidenta record\u00f3 que desde el a\u00f1o pasado se han entregado m\u00e1s de treinta instalaciones deportivas nuevas o remozadas en todo el territorio nacional, y que el programa contin\u00faa avanzando con obras esenciales para los Juegos Centroamericanos y del Caribe Santo Domingo 2026.<\/p>\n<p>Por su parte, el ministro Carlos Bonilla destac\u00f3 que \u201ceste esfuerzo del Gobierno es una muestra clara de la visi\u00f3n del gobierno de dejar un legado tangible de desarrollo, organizaci\u00f3n y excelencia para el deporte dominicano. Nunca antes se hab\u00eda ejecutado un programa de modernizaci\u00f3n deportiva de esta magnitud\u201d.<\/p>\n<p>Asimismo, el ministro de Deportes, Kelvin Cruz, dijo que, \u201csiento alegr\u00eda de ver c\u00f3mo se ha estructurado un equipo de hombres y mujeres comprometidos con en el deporte. Un equipo de hombres y mujeres que est\u00e1n pendientes y bien focalizados, enfocados a que estos Juegos Centroamericanos y del Caribe queden bien. Un equipo integrado con lo mejor de lo mejor que ha tenido el deporte dominicano, desde el movimiento ol\u00edmpico, el comit\u00e9 ol\u00edmpico, las federaciones, que son las instituciones matriz que marcan la organizaci\u00f3n de este gran evento deportivo que nos encaminamos en el a\u00f1o 2026\u201d.<\/p>\n<p>Igualmente, el presidente del Comit\u00e9 Organizador de los XXV Juegos Centroamericanos y del Caribe, Jos\u00e9 Monegro, recalc\u00f3 que \u201chay que agregar amor a esta instalaci\u00f3n que ha sido un sacrificio, un sacrificio que se ha extra\u00eddo del presupuesto de un pa\u00eds con muchas situaciones, por lo tanto, si se ha realizado en esta instalaci\u00f3n, debemos amarla para cuidarla y darle el uso adecuado\u201d.<\/p>\n<p>En ese mismo tenor, el presidente de Centro Caribe Sports, Luis\u00edn Mej\u00eda, sostuvo que \u201cse construye un mejor pa\u00eds cuando los ciudadanos del pa\u00eds deciden invertir, deciden encaminar sus recursos por las mejores sendas, esta senda en la cual ustedes y nosotros hoy estamos en la es una de ellas. Como presidente de Centro Caribe acercamos al presidente de la Rep\u00fablica y dio su adicencia.<\/p>\n<p>No solamente lo hizo de palabra, sino que dio intrucciones y se puso a trabajar. Hoy esto es una realidad, a 267 d\u00edas de este magno evento que nos espera, estamos comprometidos a terminar bien estos juegos, ser\u00e1n memorables, ser\u00e1n los juegos del centenario\u201d.<\/p>\n<p>El Pabell\u00f3n de Halterofilia Dr. Jos\u00e9 Joaqu\u00edn Puello cuenta con un \u00e1rea total de 3,553.93 metros cuadrados remodelados, incluyendo 224.22 metros de \u00e1rea de competencia.<\/p>\n","protected":false},"excerpt":{"rendered":"<p>La vicepresidenta de la Rep\u00fablica, Raquel Pe\u00f1a, junto al ministro de Vivienda y Edificaciones (MIVED), Carlos Bonilla, encabez\u00f3 este jueves la entrega del Pabell\u00f3n de Halterofi lia Dr. Jos\u00e9 Joaqu\u00edn Puello, en el Parque del Este, completamente remozado y adaptado a los m\u00e1s altos est\u00e1ndares internacionales. La obra, que benefi ciar\u00e1 a cientos de atletas [&hellip;]<\/p>\n","protected":false},"author":20,"featured_media":134312,"comment_status":"closed","ping_status":"closed","sticky":false,"template":"","format":"standard","meta":[],"categories":[83143,2],"tags":[101000],"acf":[],"_links":{"self":[{"href":"https:\/\/colimdo.org\/wp-api\/wp\/v2\/posts\/134311"}],"collection":[{"href":"https:\/\/colimdo.org\/wp-api\/wp\/v2\/posts"}],"about":[{"href":"https:\/\/colimdo.org\/wp-api\/wp\/v2\/types\/post"}],"author":[{"embeddable":true,"href":"https:\/\/colimdo.org\/wp-api\/wp\/v2\/users\/20"}],"replies":[{"embeddable":true,"href":"https:\/\/colimdo.org\/wp-api\/wp\/v2\/comments?post=134311"}],"version-history":[{"count":1,"href":"https:\/\/colimdo.org\/wp-api\/wp\/v2\/posts\/134311\/revisions"}],"predecessor-version":[{"id":134313,"href":"https:\/\/colimdo.org\/wp-api\/wp\/v2\/posts\/134311\/revisions\/134313"}],"wp:featuredmedia":[{"embeddable":true,"href":"https:\/\/colimdo.org\/wp-api\/wp\/v2\/media\/134312"}],"wp:attachment":[{"href":"https:\/\/colimdo.org\/wp-api\/wp\/v2\/media?parent=134311"}],"wp:term":[{"taxonomy":"category","embeddable":true,"href":"https:\/\/colimdo.org\/wp-api\/wp\/v2\/categories?post=134311"},{"taxonomy":"post_tag","embeddable":true,"href":"https:\/\/colimdo.org\/wp-api\/wp\/v2\/tags?post=134311"}],"curies":[{"name":"wp","href":"https:\/\/api.w.org\/{rel}","templated":true}]}}