{"id":134385,"date":"2025-11-03T03:11:06","date_gmt":"2025-11-03T03:11:06","guid":{"rendered":"https:\/\/colimdo.org\/?p=134385"},"modified":"2025-11-03T03:11:19","modified_gmt":"2025-11-03T03:11:19","slug":"liga-mercedes-celebrara-59-anos-con-varias-actividades","status":"publish","type":"post","link":"https:\/\/colimdo.org\/noticias\/liga-mercedes-celebrara-59-anos-con-varias-actividades\/","title":{"rendered":"Liga Mercedes celebrar\u00e1 59 a\u00f1os con varias actividades"},"content":{"rendered":"<p>La Liga Deportiva Mercedes anunci\u00f3 la celebraci\u00f3n de su 59 aniversario con una serie de actividades en el marco de toda esta semana.<\/p>\n<p>Luis Mercedes, presidente de la entidad que lleva su nombre, inform\u00f3 que el programa de conmemoraci\u00f3n inicia este martes 4 de noviembre con el recibimiento, de una comisi\u00f3n de la liga, de una selecci\u00f3n de b\u00e9isbol infantil de Aruba.<\/p>\n<p>Al d\u00eda siguiente, habr\u00e1 una cena para conmemorar el 59 aniversario de fundada la liga. Esta actividad se realizar\u00e1 en compa\u00f1\u00eda de la sociedad de padres de la liga.<\/p>\n<p>En tanto, el jueves 6 se celebrar\u00e1 un partido con la selecci\u00f3n de Aruba, dos equipos de Santiago, as\u00ed como de la Liga Deportiva Mercedes en los terrenos de la entidad, ubicada en la avenida Tiradentes del ensanche La Fe.<\/p>\n<p>El veterano dirigente deportivo expres\u00f3 que el calendario de festividades contin\u00faa el viernes 7 con diferentes actividades en la sede de la Liga Mercedes.<\/p>\n<p>El s\u00e1bado 8 se efectuar\u00e1 el acto de entrega de trofeos y diplomas a los jugadores m\u00e1s destacados del reci\u00e9n concluido torneo de b\u00e9isbol infantil n\u00famero 56 y que estuvo dedicado al ministro de la Presidencia, licenciado Jos\u00e9 Ignacio Paliza. Este acto est\u00e1 pautado para las diez de la ma\u00f1ana en las instalaciones de la Liga Deportiva Mercedes.<\/p>\n<p>Mientras que el domingo 9, diez equipos de la liga estar\u00e1n viajando a Santiago de los Caballeros, San Francisco de Macor\u00eds y La Vega donde sostendr\u00e1n encuentros con igual cantidad de selecciones de esas ciudades del interior del pa\u00eds.<\/p>\n<p>Las festividades conmemorativas al 59 aniversario de la Liga Deportiva Mercedes concluyen con un almuerzo a celebrarse en el Hotel Lina con la presencia de personalidades que, desde su fundaci\u00f3n, han respaldado las actividades de esta entidad.<\/p>\n","protected":false},"excerpt":{"rendered":"<p>La Liga Deportiva Mercedes anunci\u00f3 la celebraci\u00f3n de su 59 aniversario con una serie de actividades en el marco de toda esta semana. Luis Mercedes, presidente de la entidad que lleva su nombre, inform\u00f3 que el programa de conmemoraci\u00f3n inicia este martes 4 de noviembre con el recibimiento, de una comisi\u00f3n de la liga, de [&hellip;]<\/p>\n","protected":false},"author":20,"featured_media":134386,"comment_status":"closed","ping_status":"closed","sticky":false,"template":"","format":"standard","meta":[],"categories":[83143,2],"tags":[24168,101006],"acf":[],"_links":{"self":[{"href":"https:\/\/colimdo.org\/wp-api\/wp\/v2\/posts\/134385"}],"collection":[{"href":"https:\/\/colimdo.org\/wp-api\/wp\/v2\/posts"}],"about":[{"href":"https:\/\/colimdo.org\/wp-api\/wp\/v2\/types\/post"}],"author":[{"embeddable":true,"href":"https:\/\/colimdo.org\/wp-api\/wp\/v2\/users\/20"}],"replies":[{"embeddable":true,"href":"https:\/\/colimdo.org\/wp-api\/wp\/v2\/comments?post=134385"}],"version-history":[{"count":1,"href":"https:\/\/colimdo.org\/wp-api\/wp\/v2\/posts\/134385\/revisions"}],"predecessor-version":[{"id":134387,"href":"https:\/\/colimdo.org\/wp-api\/wp\/v2\/posts\/134385\/revisions\/134387"}],"wp:featuredmedia":[{"embeddable":true,"href":"https:\/\/colimdo.org\/wp-api\/wp\/v2\/media\/134386"}],"wp:attachment":[{"href":"https:\/\/colimdo.org\/wp-api\/wp\/v2\/media?parent=134385"}],"wp:term":[{"taxonomy":"category","embeddable":true,"href":"https:\/\/colimdo.org\/wp-api\/wp\/v2\/categories?post=134385"},{"taxonomy":"post_tag","embeddable":true,"href":"https:\/\/colimdo.org\/wp-api\/wp\/v2\/tags?post=134385"}],"curies":[{"name":"wp","href":"https:\/\/api.w.org\/{rel}","templated":true}]}}