{"id":134388,"date":"2025-11-03T03:14:45","date_gmt":"2025-11-03T03:14:45","guid":{"rendered":"https:\/\/colimdo.org\/?p=134388"},"modified":"2025-11-03T03:14:45","modified_gmt":"2025-11-03T03:14:45","slug":"julianny-de-la-cruz-se-corona-en-el-torneo-tennis-europe-u16-espana","status":"publish","type":"post","link":"https:\/\/colimdo.org\/noticias\/julianny-de-la-cruz-se-corona-en-el-torneo-tennis-europe-u16-espana\/","title":{"rendered":"Julianny de la Cruz se corona en el torneo Tennis Europe U16, Espa\u00f1a"},"content":{"rendered":"<p class=\"yiv0379221592MsoNormal\"><span lang=\"ES-DO\">La brillante tenista dominicana Julianny De La Cruz otra vez pone la bandera dominicana en los m\u00e1s alto tras coronarse campeona del torneo internacional Tennis Europe U16, celebrado entre el 25 de octubre y concluy\u00f3 este domingo 2 de noviembre.<\/span><\/p>\n<p class=\"yiv0379221592MsoNormal\"><span lang=\"ES-DO\">El evento fue celebrado con unos 100 tenistas de todo el mundo, en Vilas Tennis Academy, en Palma de Mallorca, Espa\u00f1a.<\/span><\/p>\n<p class=\"yiv0379221592MsoNormal\"><span lang=\"ES-DO\">La criolla De La Cruz dej\u00f3 en el camino en la final celebrada este domingo a la valenciana y quinta favorita del torneo,\u00a0Edurne Tortajada, por 7-5 1-0 y retiro. \u00a0<\/span><\/p>\n<p class=\"yiv0379221592MsoNormal\"><span lang=\"ES-DO\">Previo a la final, Julianny tuvo que vencer a la rumana Ania Curuia, por 7-6 6-0, en la semifinal. \u00a0\u00a0<\/span><\/p>\n<p class=\"yiv0379221592MsoNormal\"><span lang=\"ES-DO\">Tambi\u00e9n la dominicana dio cuentas en cuartos de final a Hana Peterlin Pahor, de Eslovenia, por 0-6 6-4 y 7-6.<\/span><\/p>\n<p class=\"yiv0379221592MsoNormal\"><span lang=\"ES-DO\">En los octavos de final Julianny derrot\u00f3 a la francesa Ayah Hachad, por 6-7 6-4 y 3-0.<\/span><\/p>\n<p class=\"yiv0379221592MsoNormal\">Renata Sasonkina, de\u00a0<span lang=\"ES-DO\">Bielorrusia, fue una v\u00edctima de Julianny en la primera ronda, con\u00a0<\/span>sets de 6-7 6-2 y 7-6.<\/p>\n<p class=\"yiv0379221592MsoNormal\">El evento fue celebrado en una cancha de arcilla.\u00a0<span lang=\"ES-DO\">El director del torneo fue Cristiano Babuin, Jes\u00fas Su\u00e1rez, el r\u00e9feri. \u00a0\u00a0<\/span><\/p>\n<p class=\"yiv0379221592MsoNormal\"><span lang=\"ES-DO\">Julianny, con tan solo 14 a\u00f1os de edad viene acumulando palmar\u00e9s importantes para su corta carrera como tenista juvenil.\u00a0<\/span><\/p>\n<p class=\"yiv0379221592MsoNormal\">Actualmente la criolla es 800 en la c<span lang=\"ES-DO\">lasificaci\u00f3n Junior de la ITF<\/span>. Su mejor ranking es de 769.<\/p>\n<p class=\"yiv0379221592MsoNormal\">Recientemente, De La Cruz fue la doble campeona de las Copas\u00a0<span lang=\"ES-DO\">Uvero Alto<\/span>\u00a0y<span lang=\"ES-DO\">\u00a0B\u00e1varo J30<\/span>.\u00a0<span lang=\"ES-DO\">Antes, se coron\u00f3 en el Torneo Master Cotecc U14 2025, evento celebrado en M\u00e9xico.<\/span><\/p>\n<p class=\"yiv0379221592MsoNormal\"><span lang=\"ES-DO\">En lo que va de a\u00f1o, Julianny ha ganado varias paradas del Torneo Nacional Juvenil Grado A, organizado por la Fedotenis.<\/span><\/p>\n<p class=\"yiv0379221592MsoNormal\"><span lang=\"ES-DO\">As\u00ed las cosas, la portento tenista dominicana ha trillado un 2025 de ensue\u00f1o. \u00a0<\/span><\/p>\n","protected":false},"excerpt":{"rendered":"<p>La brillante tenista dominicana Julianny De La Cruz otra vez pone la bandera dominicana en los m\u00e1s alto tras coronarse campeona del torneo internacional Tennis Europe U16, celebrado entre el 25 de octubre y concluy\u00f3 este domingo 2 de noviembre. El evento fue celebrado con unos 100 tenistas de todo el mundo, en Vilas Tennis [&hellip;]<\/p>\n","protected":false},"author":20,"featured_media":134389,"comment_status":"closed","ping_status":"closed","sticky":false,"template":"","format":"standard","meta":[],"categories":[5,2],"tags":[76],"acf":[],"_links":{"self":[{"href":"https:\/\/colimdo.org\/wp-api\/wp\/v2\/posts\/134388"}],"collection":[{"href":"https:\/\/colimdo.org\/wp-api\/wp\/v2\/posts"}],"about":[{"href":"https:\/\/colimdo.org\/wp-api\/wp\/v2\/types\/post"}],"author":[{"embeddable":true,"href":"https:\/\/colimdo.org\/wp-api\/wp\/v2\/users\/20"}],"replies":[{"embeddable":true,"href":"https:\/\/colimdo.org\/wp-api\/wp\/v2\/comments?post=134388"}],"version-history":[{"count":1,"href":"https:\/\/colimdo.org\/wp-api\/wp\/v2\/posts\/134388\/revisions"}],"predecessor-version":[{"id":134390,"href":"https:\/\/colimdo.org\/wp-api\/wp\/v2\/posts\/134388\/revisions\/134390"}],"wp:featuredmedia":[{"embeddable":true,"href":"https:\/\/colimdo.org\/wp-api\/wp\/v2\/media\/134389"}],"wp:attachment":[{"href":"https:\/\/colimdo.org\/wp-api\/wp\/v2\/media?parent=134388"}],"wp:term":[{"taxonomy":"category","embeddable":true,"href":"https:\/\/colimdo.org\/wp-api\/wp\/v2\/categories?post=134388"},{"taxonomy":"post_tag","embeddable":true,"href":"https:\/\/colimdo.org\/wp-api\/wp\/v2\/tags?post=134388"}],"curies":[{"name":"wp","href":"https:\/\/api.w.org\/{rel}","templated":true}]}}