{"id":134394,"date":"2025-11-03T03:23:19","date_gmt":"2025-11-03T03:23:19","guid":{"rendered":"https:\/\/colimdo.org\/?p=134394"},"modified":"2025-11-03T03:23:19","modified_gmt":"2025-11-03T03:23:19","slug":"republica-dominicana-anuncia-sus-convocados-para-duelos-de-concacaf-friendly-series-en-santiago","status":"publish","type":"post","link":"https:\/\/colimdo.org\/noticias\/republica-dominicana-anuncia-sus-convocados-para-duelos-de-concacaf-friendly-series-en-santiago\/","title":{"rendered":"Rep\u00fablica Dominicana anuncia sus convocados para duelos de Concacaf Friendly Series en Santiago"},"content":{"rendered":"<div>\n<p class=\"yiv6490602677MsoNormal\"><span lang=\"ES-DO\">La selecci\u00f3n dominicana dio a conocer la lista de jugadores convocados para la ventana FIFA en la que Rep\u00fablica Dominicana estar\u00e1 disputando los dos primeros compromisos de la Concacaf Friendly Series 2025-26, los d\u00edas 12 y 18 de noviembre en el Estadio Cibao FC de Santiago de los Caballeros.<\/span><\/p>\n<p class=\"yiv6490602677MsoNormal\"><span lang=\"ES-DO\">Marcelo Neveleff ha citado a su plantel de lujo para enfrentar a San Vicente y Las Granadinas el mi\u00e9rcoles 12 de noviembre desde las 8:00 PM y a Martinica el martes 18 a las 7:30 PM.<\/span><\/p>\n<p class=\"yiv6490602677MsoNormal\"><span lang=\"ES-DO\">Dominicana buscar\u00e1 seguir acumulando horas de trabajo y partidos que le den rodaje a la base de jugadores que estar\u00e1n afrontando las pr\u00f3ximas competiciones oficiales, sobre todo el debut en la Liga A de la Liga de Naciones de Concacaf en el 2026 donde estar\u00e1 en juego la clasificaci\u00f3n a la Copa Oro 2027.<\/span><\/p>\n<p class=\"yiv6490602677MsoNormal\"><span lang=\"ES-DO\">Estar\u00e1n ausentes por lesi\u00f3n J\u00fanior Firpo, el capit\u00e1n Jean Carlos L\u00f3pez y el defensor Isarel Boatwright.<\/span><\/p>\n<p class=\"yiv6490602677MsoNormal\"><span lang=\"ES-DO\">En esta convocatoria destacan los regresos de Charbel Whebe y Edison Azcona, tambi\u00e9n marca el debut en tierras quisqueyanas de Oscar Ure\u00f1a vistiendo la casaca nacional, as\u00ed como tambi\u00e9n el primer llamado a la absoluta de Joselvis Mart\u00ednez defensor central de gran presente en la Liga Dominicana de F\u00fatbol (LDF).<\/span><\/p>\n<p class=\"yiv6490602677MsoNormal\"><span lang=\"ES-DO\">La convocatoria est\u00e1 compuesta por los porteros: Miguel Lloyd (Cibao FC \u2013 RD) y Xavier Valdez (Nashville SC &#8211; USA).<\/span><\/p>\n<p class=\"yiv6490602677MsoNormal\"><span lang=\"ES-DO\">Defensores: Joao Urbaez (Flamurtari Vlore &#8211; Albania), Charbel Wehbe (Castell\u00f3n B &#8211; Espa\u00f1a), Jimmy Kaparos (K Patro Eisden \u2013 B\u00e9lgica), Joselvis Mart\u00ednez (Delfines del Este \u2013 RD), Edgar Pujol (Racing Ferrol &#8211; Espa\u00f1a), Noah Dollenmayer (San Antonio FC &#8211; USA) y Juan Familia (RKC Waalwuk \u2013 Pa\u00edses Bajos).<\/span><\/p>\n<p class=\"yiv6490602677MsoNormal\"><span lang=\"ES-DO\">Mediocampistas: Pablo Rosario (FC Porto &#8211; Portugal), Heinz Morschel (FC Vizela \u2013 Portugal), Omar de la Cruz (Cibao FC \u2013 RD), Lucas Breton (M\u00e1laga CF \u2013 Espa\u00f1a), Edison Azcona (Las Vegas Lights \u2013 USA) y Ronaldo V\u00e1squez (Sumqayit PFK \u2013 Azerbaiy\u00e1n).<\/span><\/p>\n<p class=\"yiv6490602677MsoNormal\"><span lang=\"ES-DO\">Delanteros: Oscar Ure\u00f1a (FC Barcelona B \u2013 Espa\u00f1a), Juan Carlos Pineda (PFC Beroe &#8211; Bulgaria), Edarlyn Reyes (Arsenal Tula &#8211; Rusia), Dorny Romero (Club Bol\u00edvar &#8211; Bolivia) y Erick Japa (Umecit \u2013 Panam\u00e1).<\/span><\/p>\n<p class=\"yiv6490602677MsoNormal\"><span lang=\"ES-DO\">Las boletas est\u00e1n a la venta en\u00a0<a href=\"http:\/\/uepatickets.com\/\" target=\"_blank\" rel=\"nofollow noopener noreferrer\">uepatickets.com<\/a>\u00a0para ambos partidos.<\/span><\/p>\n<\/div>\n<div class=\"yiv6490602677gmail_quote\">\n<div>\n<div dir=\"ltr\">\n<div id=\"yiv6490602677m_-1796078000731948958m_3849285523344451912Signature\"><\/div>\n<\/div>\n<\/div>\n<\/div>\n","protected":false},"excerpt":{"rendered":"<p>La selecci\u00f3n dominicana dio a conocer la lista de jugadores convocados para la ventana FIFA en la que Rep\u00fablica Dominicana estar\u00e1 disputando los dos primeros compromisos de la Concacaf Friendly Series 2025-26, los d\u00edas 12 y 18 de noviembre en el Estadio Cibao FC de Santiago de los Caballeros. Marcelo Neveleff ha citado a su [&hellip;]<\/p>\n","protected":false},"author":20,"featured_media":134395,"comment_status":"closed","ping_status":"closed","sticky":false,"template":"","format":"standard","meta":[],"categories":[3,2],"tags":[77],"acf":[],"_links":{"self":[{"href":"https:\/\/colimdo.org\/wp-api\/wp\/v2\/posts\/134394"}],"collection":[{"href":"https:\/\/colimdo.org\/wp-api\/wp\/v2\/posts"}],"about":[{"href":"https:\/\/colimdo.org\/wp-api\/wp\/v2\/types\/post"}],"author":[{"embeddable":true,"href":"https:\/\/colimdo.org\/wp-api\/wp\/v2\/users\/20"}],"replies":[{"embeddable":true,"href":"https:\/\/colimdo.org\/wp-api\/wp\/v2\/comments?post=134394"}],"version-history":[{"count":1,"href":"https:\/\/colimdo.org\/wp-api\/wp\/v2\/posts\/134394\/revisions"}],"predecessor-version":[{"id":134396,"href":"https:\/\/colimdo.org\/wp-api\/wp\/v2\/posts\/134394\/revisions\/134396"}],"wp:featuredmedia":[{"embeddable":true,"href":"https:\/\/colimdo.org\/wp-api\/wp\/v2\/media\/134395"}],"wp:attachment":[{"href":"https:\/\/colimdo.org\/wp-api\/wp\/v2\/media?parent=134394"}],"wp:term":[{"taxonomy":"category","embeddable":true,"href":"https:\/\/colimdo.org\/wp-api\/wp\/v2\/categories?post=134394"},{"taxonomy":"post_tag","embeddable":true,"href":"https:\/\/colimdo.org\/wp-api\/wp\/v2\/tags?post=134394"}],"curies":[{"name":"wp","href":"https:\/\/api.w.org\/{rel}","templated":true}]}}