{"id":134513,"date":"2025-11-07T16:18:30","date_gmt":"2025-11-07T16:18:30","guid":{"rendered":"https:\/\/colimdo.org\/?p=134513"},"modified":"2025-11-07T16:18:30","modified_gmt":"2025-11-07T16:18:30","slug":"nadal-dice-que-federer-fue-un-tenista-mas-magico-y-djokovic-es-mas-trabajado","status":"publish","type":"post","link":"https:\/\/colimdo.org\/noticias\/nadal-dice-que-federer-fue-un-tenista-mas-magico-y-djokovic-es-mas-trabajado\/","title":{"rendered":"Nadal dice que Federer fue un tenista &#8220;m\u00e1s m\u00e1gico&#8221; y Djokovic es &#8220;m\u00e1s trabajado&#8221;"},"content":{"rendered":"<p>Miami (EE.UU.), 6 nov (EFE).- El extenista espa\u00f1ol Rafael Nadal afirm\u00f3 este jueves que Roger Federer y Novak Djokovic le llevaron al l\u00edmite durante su carrera deportiva, aunque cada uno lo hizo a su manera, pues el suizo era un tenista &#8220;un poquito m\u00e1s m\u00e1gico&#8221;, mientras que el serbio ha sido &#8220;m\u00e1s trabajado&#8221;.<\/p>\n<p>&#8220;Son dos personalidades distintas, pero que al final tienen una gran pasi\u00f3n y un gran amor por el deporte&#8221;, afirm\u00f3 Nadal al recordar a sus dos mayores rivales durante el America Business Forum (ABF), un foro que re\u00fane entre el 5 y el 6 de noviembre en Miami a l\u00edderes pol\u00edticos, empresariales y deportistas.<\/p>\n<p>El espa\u00f1ol se retir\u00f3 de las pistas en 2024 con 22 &#8216;Grand Slam&#8217;, por 20 de Federer y 24 de Djokovic, el \u00fanico de los tres que sigue a\u00fan en activo.<\/p>\n<p>Estas cifras los convierten en los tres tenistas masculinos m\u00e1s exitosos en la historia del tenis, y el propio Nadal asegur\u00f3 que el hecho de haber coincidido los tres en el tiempo les dej\u00f3 &#8220;muy poquito margen&#8221;.<\/p>\n<p>El mallorqu\u00edn los defini\u00f3 como &#8220;rivales de una envergadura may\u00fascula&#8221; que le llevaron &#8220;al l\u00edmite durante todos estos a\u00f1os&#8221;.<\/p>\n<p>Subray\u00f3 que Federer fue un tenista &#8220;un poquito m\u00e1s m\u00e1gico&#8221; desde el punto de vista del talento puro y la inspiraci\u00f3n, mientras que Djokovic fue &#8220;alguien un poquito mas trabajado&#8221;, con una \u00e9tica de trabajo y una mentalidad ganadora &#8220;dif\u00edcil de superar&#8221;.<\/p>\n<p>Nadal tambi\u00e9n evoc\u00f3 el momento m\u00e1s dif\u00edcil de su carrera: la lesi\u00f3n degenerativa en el pie que sufri\u00f3 en 2005 y que, seg\u00fan admiti\u00f3, amenaz\u00f3 con acabar con su carrera profesional.<\/p>\n<p>Sin embargo, se\u00f1al\u00f3 que esa lesi\u00f3n le ayud\u00f3 a poner en valor todo lo que le sucedi\u00f3 en su carrera y a nunca dar por sentado una derrota o una victoria.<\/p>\n<p>&#8220;He tenido que vivir con ese problema durante toda mi carrera&#8221;, dijo.<\/p>\n<p>Pero matiz\u00f3: &#8220;Esto me ha permitido disfrutar much\u00edsimo m\u00e1s y valorar las cosas buenas que me han ido pasando&#8221;.<\/p>\n<p>Adem\u00e1s de participar en el foro, Nadal se encuentra en Miami para asistir al Gran Premio de Miami de la E1Series, el campeonato mundial de moton\u00e1uticas el\u00e9ctricas, que se disputa entre el 7 y el 8 de noviembre, y en el que el extenista patrocina al equipo &#8216;Team Rafa&#8217;.<\/p>\n","protected":false},"excerpt":{"rendered":"<p>Miami (EE.UU.), 6 nov (EFE).- El extenista espa\u00f1ol Rafael Nadal afirm\u00f3 este jueves que Roger Federer y Novak Djokovic le llevaron al l\u00edmite durante su carrera deportiva, aunque cada uno lo hizo a su manera, pues el suizo era un tenista &#8220;un poquito m\u00e1s m\u00e1gico&#8221;, mientras que el serbio ha sido &#8220;m\u00e1s trabajado&#8221;. &#8220;Son dos [&hellip;]<\/p>\n","protected":false},"author":20,"featured_media":134514,"comment_status":"closed","ping_status":"closed","sticky":false,"template":"","format":"standard","meta":[],"categories":[5,2],"tags":[100908,76],"acf":[],"_links":{"self":[{"href":"https:\/\/colimdo.org\/wp-api\/wp\/v2\/posts\/134513"}],"collection":[{"href":"https:\/\/colimdo.org\/wp-api\/wp\/v2\/posts"}],"about":[{"href":"https:\/\/colimdo.org\/wp-api\/wp\/v2\/types\/post"}],"author":[{"embeddable":true,"href":"https:\/\/colimdo.org\/wp-api\/wp\/v2\/users\/20"}],"replies":[{"embeddable":true,"href":"https:\/\/colimdo.org\/wp-api\/wp\/v2\/comments?post=134513"}],"version-history":[{"count":1,"href":"https:\/\/colimdo.org\/wp-api\/wp\/v2\/posts\/134513\/revisions"}],"predecessor-version":[{"id":134515,"href":"https:\/\/colimdo.org\/wp-api\/wp\/v2\/posts\/134513\/revisions\/134515"}],"wp:featuredmedia":[{"embeddable":true,"href":"https:\/\/colimdo.org\/wp-api\/wp\/v2\/media\/134514"}],"wp:attachment":[{"href":"https:\/\/colimdo.org\/wp-api\/wp\/v2\/media?parent=134513"}],"wp:term":[{"taxonomy":"category","embeddable":true,"href":"https:\/\/colimdo.org\/wp-api\/wp\/v2\/categories?post=134513"},{"taxonomy":"post_tag","embeddable":true,"href":"https:\/\/colimdo.org\/wp-api\/wp\/v2\/tags?post=134513"}],"curies":[{"name":"wp","href":"https:\/\/api.w.org\/{rel}","templated":true}]}}