{"id":134518,"date":"2025-11-07T19:19:17","date_gmt":"2025-11-07T19:19:17","guid":{"rendered":"https:\/\/colimdo.org\/?p=134518"},"modified":"2025-11-08T04:24:13","modified_gmt":"2025-11-08T04:24:13","slug":"ministro-de-deportes-celebra-dia-nacional-del-deporte","status":"publish","type":"post","link":"https:\/\/colimdo.org\/noticias\/ministro-de-deportes-celebra-dia-nacional-del-deporte\/","title":{"rendered":"Ministro de Deportes celebra D\u00eda Nacional del Deporte"},"content":{"rendered":"<p>El ministro de Deportes, Kelvin Cruz, celebr\u00f3 en grande el D\u00eda Nacional del Deporte con una gran convocatoria de atletas medallistas ol\u00edmpicos, centroamericanos y panamericanos, as\u00ed como dirigentes deportivos y representantes de diferentes sectores de la sociedad.<\/p>\n<p>El concurrido acto se llev\u00f3 a cabo en el sal\u00f3n Independencia del Ministerio de Defensa, donde el funcionario resalt\u00f3 el apoyo decidido del presidente Luis Abinader.<\/p>\n<p>\u201cTodo lo que hemos hecho en el a\u00f1o y dos meses que tengo como ministro de Deportes se debe al apoyo de un hombre que tiene una gran sensibilidad por el deporte, como el presidente Luis Abinader\u201d, afirm\u00f3 Cruz.<\/p>\n<p>El ministro tambi\u00e9n anunci\u00f3 que, dentro del programa de rescate de su gesti\u00f3n, celebrar\u00e1 el pr\u00f3ximo a\u00f1o los Juegos de la Mujer, as\u00ed como la Semana Santa Deportiva.<\/p>\n<p>Un momento de algarab\u00eda fue cuando dijo que cada uno de los atletas que asistieron al encuentro de celebraci\u00f3n del D\u00eda Nacional del Deporte recibir\u00e1 un bono de compra navide\u00f1o en los pr\u00f3ximos d\u00edas.<\/p>\n<p>El ministro deportivo record\u00f3 las iniciativas que tom\u00f3 al asumir el cargo, destacando la unidad entre los diferentes sectores del deporte y que la celebraci\u00f3n del D\u00eda Nacional del Deporte, que se lleva a cabo por segundo a\u00f1o consecutivo, ser\u00e1 mejor en cada versi\u00f3n.<\/p>\n<p>Cit\u00f3 el aumento del 100 por ciento de los salarios de atletas activos, una promesa realizada en esta fecha el a\u00f1o pasado y ejecutada, tal como lo prometi\u00f3, a partir de enero.<\/p>\n<p>Tambi\u00e9n resalt\u00f3 el \u00e9xito del rescate de los Juegos Fronterizos, as\u00ed como los Juegos Universitarios y los Patrios, que en su gesti\u00f3n han sido nombrados Juegos Deportivos Juan Pablo Duarte.<\/p>\n<p>\u201cLo que queremos es estar m\u00e1s cerca del deporte, de los atletas y trabajar de la mano con el liderazgo nacional\u201d, sostuvo Cruz.<\/p>\n<p>En el encuentro estuvieron presentes Luis Mej\u00eda Oviedo, presidente de Centro Caribe Sports; Alberto Rodr\u00edguez, director ejecutivo del INEFI; Luisito Pie, medallista ol\u00edmpico y presidente de la comisi\u00f3n de atletas del Comit\u00e9 Ol\u00edmpico Dominicano (COD); Milton Ray Guevara, presidente de la Liga Dominicana de F\u00fatbol; Am\u00e9rico Celado, presidente de la Asociaci\u00f3n de Cronistas Deportivos de Santo Domingo; Dionisio Guzm\u00e1n, presidente del Pabell\u00f3n de la Fama del Deporte Dominicano; y el general Jos\u00e9 Manuel Dur\u00e1n Infante.<\/p>\n<p>El ingeniero Garibaldy Bautista, presidente del COD, resalt\u00f3 que los diferentes sectores del deporte han entendido que, sin la unidad, no se llega a ning\u00fan lado, al tiempo que destac\u00f3 el trabajo que ha venido realizando el ministro Kelvin Cruz.<\/p>\n<p>En el encuentro, el director del Instituto Nacional de Educaci\u00f3n F\u00edsica (INEFI), Alberto Rodr\u00edguez, manifest\u00f3 que 2025 ha sido un buen a\u00f1o y que los diferentes sectores tienen roles distintos en el compromiso del montaje de los Juegos Centroamericanos y del Caribe Santo Domingo 2026.<\/p>\n<p>El deportista Luisito Pie, presidente de la Comisi\u00f3n de Atletas, explic\u00f3 la funci\u00f3n del organismo que dirige y las interacciones que ha venido realizando en favor de la clase.<\/p>\n<p>Mientras tanto, Luis Mej\u00eda, en su calidad de miembro del Comit\u00e9 Ol\u00edmpico Internacional (COI), destac\u00f3 como positiva la gesti\u00f3n de Cruz y su respaldo a los atletas y federados deportivos. Adem\u00e1s, adelant\u00f3 que el COI dar\u00e1 una sorpresa durante los Juegos de la Mujer que ser\u00e1n celebrados en marzo de 2026.<\/p>\n","protected":false},"excerpt":{"rendered":"<p>El ministro de Deportes, Kelvin Cruz, celebr\u00f3 en grande el D\u00eda Nacional del Deporte con una gran convocatoria de atletas medallistas ol\u00edmpicos, centroamericanos y panamericanos, as\u00ed como dirigentes deportivos y representantes de diferentes sectores de la sociedad. El concurrido acto se llev\u00f3 a cabo en el sal\u00f3n Independencia del Ministerio de Defensa, donde el funcionario [&hellip;]<\/p>\n","protected":false},"author":20,"featured_media":134519,"comment_status":"closed","ping_status":"closed","sticky":false,"template":"","format":"standard","meta":[],"categories":[83143,2],"tags":[101014],"acf":[],"_links":{"self":[{"href":"https:\/\/colimdo.org\/wp-api\/wp\/v2\/posts\/134518"}],"collection":[{"href":"https:\/\/colimdo.org\/wp-api\/wp\/v2\/posts"}],"about":[{"href":"https:\/\/colimdo.org\/wp-api\/wp\/v2\/types\/post"}],"author":[{"embeddable":true,"href":"https:\/\/colimdo.org\/wp-api\/wp\/v2\/users\/20"}],"replies":[{"embeddable":true,"href":"https:\/\/colimdo.org\/wp-api\/wp\/v2\/comments?post=134518"}],"version-history":[{"count":2,"href":"https:\/\/colimdo.org\/wp-api\/wp\/v2\/posts\/134518\/revisions"}],"predecessor-version":[{"id":134536,"href":"https:\/\/colimdo.org\/wp-api\/wp\/v2\/posts\/134518\/revisions\/134536"}],"wp:featuredmedia":[{"embeddable":true,"href":"https:\/\/colimdo.org\/wp-api\/wp\/v2\/media\/134519"}],"wp:attachment":[{"href":"https:\/\/colimdo.org\/wp-api\/wp\/v2\/media?parent=134518"}],"wp:term":[{"taxonomy":"category","embeddable":true,"href":"https:\/\/colimdo.org\/wp-api\/wp\/v2\/categories?post=134518"},{"taxonomy":"post_tag","embeddable":true,"href":"https:\/\/colimdo.org\/wp-api\/wp\/v2\/tags?post=134518"}],"curies":[{"name":"wp","href":"https:\/\/api.w.org\/{rel}","templated":true}]}}