{"id":134626,"date":"2025-11-11T01:52:52","date_gmt":"2025-11-11T01:52:52","guid":{"rendered":"https:\/\/colimdo.org\/?p=134626"},"modified":"2025-11-11T16:46:16","modified_gmt":"2025-11-11T16:46:16","slug":"fallece-de-un-infarto-cronista-deportivo-jose-tomas-cabrera","status":"publish","type":"post","link":"https:\/\/colimdo.org\/noticias\/fallece-de-un-infarto-cronista-deportivo-jose-tomas-cabrera\/","title":{"rendered":"Fallece de un infarto cronista deportivo Tom\u00e1s Juli\u00e1n Cabrera"},"content":{"rendered":"<p>SANTO DOMINGO. El destacado cronista deportivo Jos\u00e9 Tom\u00e1s Cabrera falleci\u00f3 este lunes luego de sufrir un accidente cerebrovascular (ACV).<\/p>\n<p>Cabrera, ampliamente valorado en los medios por su estilo comunicativo, carisma y pasi\u00f3n por el deporte, construy\u00f3 una reconocida carrera como analista deportivo y comunicador, tanto en radio como en televisi\u00f3n.<\/p>\n<p>Trabaj\u00f3 como narrador del equipo de los Toros del Este, form\u00f3 parte del staff de P\u00edo Deportes y particip\u00f3 en el programa radial \u201cAlberto Rodr\u00edguez en los Deportes\u201d, donde se destac\u00f3 por su enfoque profesional y profundo dominio de las principales disciplinas deportivas.<\/p>\n<p>Recientemente, particip\u00f3 en las transmisiones de las Grandes Ligas por Teleantillas, donde labor\u00f3 en la Serie Mundial como narrador y comentarista. Tambi\u00e9n integr\u00f3 equipos de transmisi\u00f3n de la NBA, consolid\u00e1ndose como una voz habitual y respetada en la cr\u00f3nica deportiva del pa\u00eds.<\/p>\n<p>Cabrera proven\u00eda de una familia ligada a la comunicaci\u00f3n deportiva, ya que su padre, Juli\u00e1n Cabrera, fue fundador de la Asociaci\u00f3n de Cronistas Deportivos de Puerto Plata (ACDPOP).<\/p>\n<p>Adem\u00e1s de su destacada labor como analista deportivo, era mercad\u00f3logo de profesi\u00f3n y padre de tres hijas: Brianny, Sarah y Fernanda.<\/p>\n","protected":false},"excerpt":{"rendered":"<p>SANTO DOMINGO. El destacado cronista deportivo Jos\u00e9 Tom\u00e1s Cabrera falleci\u00f3 este lunes luego de sufrir un accidente cerebrovascular (ACV). Cabrera, ampliamente valorado en los medios por su estilo comunicativo, carisma y pasi\u00f3n por el deporte, construy\u00f3 una reconocida carrera como analista deportivo y comunicador, tanto en radio como en televisi\u00f3n. Trabaj\u00f3 como narrador del equipo [&hellip;]<\/p>\n","protected":false},"author":13,"featured_media":134627,"comment_status":"closed","ping_status":"closed","sticky":false,"template":"","format":"standard","meta":[],"categories":[83143,2,60],"tags":[101025],"acf":[],"_links":{"self":[{"href":"https:\/\/colimdo.org\/wp-api\/wp\/v2\/posts\/134626"}],"collection":[{"href":"https:\/\/colimdo.org\/wp-api\/wp\/v2\/posts"}],"about":[{"href":"https:\/\/colimdo.org\/wp-api\/wp\/v2\/types\/post"}],"author":[{"embeddable":true,"href":"https:\/\/colimdo.org\/wp-api\/wp\/v2\/users\/13"}],"replies":[{"embeddable":true,"href":"https:\/\/colimdo.org\/wp-api\/wp\/v2\/comments?post=134626"}],"version-history":[{"count":2,"href":"https:\/\/colimdo.org\/wp-api\/wp\/v2\/posts\/134626\/revisions"}],"predecessor-version":[{"id":134629,"href":"https:\/\/colimdo.org\/wp-api\/wp\/v2\/posts\/134626\/revisions\/134629"}],"wp:featuredmedia":[{"embeddable":true,"href":"https:\/\/colimdo.org\/wp-api\/wp\/v2\/media\/134627"}],"wp:attachment":[{"href":"https:\/\/colimdo.org\/wp-api\/wp\/v2\/media?parent=134626"}],"wp:term":[{"taxonomy":"category","embeddable":true,"href":"https:\/\/colimdo.org\/wp-api\/wp\/v2\/categories?post=134626"},{"taxonomy":"post_tag","embeddable":true,"href":"https:\/\/colimdo.org\/wp-api\/wp\/v2\/tags?post=134626"}],"curies":[{"name":"wp","href":"https:\/\/api.w.org\/{rel}","templated":true}]}}