{"id":134798,"date":"2025-11-18T17:06:44","date_gmt":"2025-11-18T17:06:44","guid":{"rendered":"https:\/\/colimdo.org\/?p=134798"},"modified":"2025-11-18T17:06:44","modified_gmt":"2025-11-18T17:06:44","slug":"carlos-alcaraz-se-perdera-la-final-de-la-copa-davis-por-lesion-en-la-corva","status":"publish","type":"post","link":"https:\/\/colimdo.org\/noticias\/carlos-alcaraz-se-perdera-la-final-de-la-copa-davis-por-lesion-en-la-corva\/","title":{"rendered":"Carlos Alcaraz se perder\u00e1 la final de la Copa Davis por lesi\u00f3n en la corva"},"content":{"rendered":"<p>MADRID (AP) \u2014 Carlos Alcaraz pasar\u00e1 otro a\u00f1o sin cumplir su sue\u00f1o de ganar la Copa Davis para Espa\u00f1a.<\/p>\n<p>Alcaraz, n\u00famero uno del mundo, dijo estar desconsolado por tener que retirarse de las Finales de la Copa Davis en Italia debido a una lesi\u00f3n en el tend\u00f3n de la corva sufrida el martes.<\/p>\n<p>Seg\u00fan dijo, la decisi\u00f3n fue recomendada por los m\u00e9dicos.<\/p>\n<p>\u201cLamento mucho anunciar que no podr\u00e9 jugar con Espa\u00f1a en la Copa Davis de Bolonia\u201d, dijo Alcaraz en X. \u201cTengo un edema en el tend\u00f3n de la corva derecho y la recomendaci\u00f3n m\u00e9dica es no competir\u201d.<\/p>\n<p>Se lesion\u00f3 durante las Finales ATP de la semana pasada y le diagnosticaron sobrecarga muscular e inflamaci\u00f3n del tend\u00f3n de la corva derecho.<\/p>\n<p>Alcaraz dijo que regresaba a casa con el coraz\u00f3n apesadumbrado.<\/p>\n<p>\u201cSiempre he dicho que jugar para Espa\u00f1a es lo mejor que hay, y ten\u00eda muchas ganas de ayudarnos a luchar por la Copa Davis.\u201d<\/p>\n<p>Alcaraz debut\u00f3 en la Copa Davis en 2022 y tiene un r\u00e9cord general de 6-2, 5-1 en individuales. El \u00faltimo triunfo de Espa\u00f1a fue en 2019.<\/p>\n<p>Tampoco particip\u00f3 en la Copa Davis de 2023 debido a problemas f\u00edsicos. El a\u00f1o pasado, Alcaraz y Espa\u00f1a fueron eliminados en la primera ronda de los cuartos de final en M\u00e1laga, lo que supuso una derrota que habr\u00eda sido la culminaci\u00f3n de la brillante carrera de Rafael Nadal .<\/p>\n<p>Alcaraz, de 22 a\u00f1os, ha dicho que quiere \u201cganar la Copa Davis alg\u00fan d\u00eda\u2026 porque para m\u00ed es un torneo muy, muy importante\u201d.<\/p>\n<p>Estaba previsto que liderara a Espa\u00f1a en Bolonia el jueves contra la Rep\u00fablica Checa, cuarta cabeza de serie, en los cuartos de final. Los checos cuentan con jugadores del top 20 como Jiri Lehecka y Jakub Mensik . Eliminaron a Estados Unidos en la ronda previa en septiembre.<\/p>\n<p>El domingo, Alcaraz ya se hab\u00eda asegurado el n\u00famero 1 del ranking a final de a\u00f1o antes de caer ante Jannik Sinner por 7-6 (4), 7-5 en las Finales ATP. Tambi\u00e9n termin\u00f3 n\u00famero 1 en 2022, el m\u00e1s joven de la historia con 19 a\u00f1os.<\/p>\n<p>Este a\u00f1o gan\u00f3 el Abierto de Francia y el Abierto de Estados Unidos, y cuenta con seis t\u00edtulos de Grand Slam.<\/p>\n","protected":false},"excerpt":{"rendered":"<p>MADRID (AP) \u2014 Carlos Alcaraz pasar\u00e1 otro a\u00f1o sin cumplir su sue\u00f1o de ganar la Copa Davis para Espa\u00f1a. Alcaraz, n\u00famero uno del mundo, dijo estar desconsolado por tener que retirarse de las Finales de la Copa Davis en Italia debido a una lesi\u00f3n en el tend\u00f3n de la corva sufrida el martes. Seg\u00fan dijo, [&hellip;]<\/p>\n","protected":false},"author":20,"featured_media":134799,"comment_status":"closed","ping_status":"closed","sticky":false,"template":"","format":"standard","meta":[],"categories":[5,2],"tags":[100884,76],"acf":[],"_links":{"self":[{"href":"https:\/\/colimdo.org\/wp-api\/wp\/v2\/posts\/134798"}],"collection":[{"href":"https:\/\/colimdo.org\/wp-api\/wp\/v2\/posts"}],"about":[{"href":"https:\/\/colimdo.org\/wp-api\/wp\/v2\/types\/post"}],"author":[{"embeddable":true,"href":"https:\/\/colimdo.org\/wp-api\/wp\/v2\/users\/20"}],"replies":[{"embeddable":true,"href":"https:\/\/colimdo.org\/wp-api\/wp\/v2\/comments?post=134798"}],"version-history":[{"count":1,"href":"https:\/\/colimdo.org\/wp-api\/wp\/v2\/posts\/134798\/revisions"}],"predecessor-version":[{"id":134800,"href":"https:\/\/colimdo.org\/wp-api\/wp\/v2\/posts\/134798\/revisions\/134800"}],"wp:featuredmedia":[{"embeddable":true,"href":"https:\/\/colimdo.org\/wp-api\/wp\/v2\/media\/134799"}],"wp:attachment":[{"href":"https:\/\/colimdo.org\/wp-api\/wp\/v2\/media?parent=134798"}],"wp:term":[{"taxonomy":"category","embeddable":true,"href":"https:\/\/colimdo.org\/wp-api\/wp\/v2\/categories?post=134798"},{"taxonomy":"post_tag","embeddable":true,"href":"https:\/\/colimdo.org\/wp-api\/wp\/v2\/tags?post=134798"}],"curies":[{"name":"wp","href":"https:\/\/api.w.org\/{rel}","templated":true}]}}