{"id":134851,"date":"2025-11-20T18:02:20","date_gmt":"2025-11-20T18:02:20","guid":{"rendered":"https:\/\/colimdo.org\/?p=134851"},"modified":"2025-11-20T18:02:20","modified_gmt":"2025-11-20T18:02:20","slug":"academia-de-la-fuerza-aerea-conquista-los-juegos-deportivos-de-cadetes-y-guardiamarinas","status":"publish","type":"post","link":"https:\/\/colimdo.org\/noticias\/academia-de-la-fuerza-aerea-conquista-los-juegos-deportivos-de-cadetes-y-guardiamarinas\/","title":{"rendered":"Academia de la Fuerza A\u00e9rea conquista los Juegos Deportivos de Cadetes y Guardiamarinas"},"content":{"rendered":"<p style=\"font-weight: 400;\">La Academia A\u00e9rea General de Brigada Piloto Frank Andr\u00e9s Feliz Miranda, de la Fuerza A\u00e9rea de Rep\u00fablica Dominicana, conquist\u00f3 el primer lugar de los XXVIII Juegos Deportivos de Cadetes y Guardiamarinas de las Fuerzas Armadas y la Polic\u00eda Nacional.<\/p>\n<p style=\"font-weight: 400;\">\n<p style=\"font-weight: 400;\">La ceremonia de clausura estuvo encabezada por el teniente general Carlos Antonio Fern\u00e1ndez Onofre, ERD, ministro de Defensa, y fue celebrada el pasado martes en el polideportivo de la Base A\u00e9rea de San Isidro, en Santo Domingo Este.<\/p>\n<p style=\"font-weight: 400;\">\n<p style=\"font-weight: 400;\">La actividad, cont\u00f3 adem\u00e1s con la presencia de miembros del Estado Mayor General de las Fuerzas Armadas, entre ellos el comandante general de la Fuerza A\u00e9rea de Rep\u00fablica Dominicana; el Inspector General de las Fuerzas Armadas; el rector de la Universidad Nacional para la Defensa (UNADE); el presidente de la Confederaci\u00f3n Deportiva de las Fuerzas Armadas y la Polic\u00eda Nacional; oficiales generales, oficiales superiores -incluyendo miembros del Estado Mayor Ampliado de la FARD-, as\u00ed como otras autoridades militares.<\/p>\n<p style=\"font-weight: 400;\">\n<p style=\"font-weight: 400;\">El ministro de Defensa, teniente general Fern\u00e1ndez Onofre, acompa\u00f1ado del general de brigada Jos\u00e9 Manuel Dur\u00e1n Infante, ERD, presidente de la Confederaci\u00f3n Deportiva de las Fuerzas Armadas y la Polic\u00eda Nacional, entreg\u00f3 la copa a los campeones, la cual fue recibida por el mayor general piloto Floreal Su\u00e1rez Mart\u00ednez, FARD, comandante general de la Fuerza A\u00e9rea, junto al coronel piloto Francisco De los Santos \u00c1lvarez ((DEM), FARD, director de la Academia A\u00e9rea, quienes la enarbolaron con orgullo.<\/p>\n<p style=\"font-weight: 400;\">\n<p style=\"font-weight: 400;\">El Inspector General de las Fuerzas Armadas es el mayor general Delio B. Col\u00f3n Rosario, ERD, y el rector de la UNADE, es el mayor general Rafael V\u00e1squez Esp\u00ednola, ERD, y tambi\u00e9n estuvo presente el coronel paracaidista Osvaldo A. Montero Mena, FARD., (DEM), quien fungi\u00f3 como presidente del Comit\u00e9 Organizador de los XXVIII Juegos Deportivos de Cadetes y Guardiamarinas 2025, de las Fuerzas Armadas y la Polic\u00eda Nacional.<\/p>\n<p style=\"font-weight: 400;\">\n<p style=\"font-weight: 400;\">Los cadetes de la FARD sumaron 392 puntos y un total de 58 medallas, distribuidas en 26 oros, 18 platas y 14 bronces, y el segundo lugar correspondi\u00f3 a la Academia Militar Batalla de Las Carreras, del Ej\u00e9rcito de Rep\u00fablica Dominicana, que alcanzaron 345 puntos, con 58 preseas, 17 de ellas de oro, 26 de Plata y 15 de bronce.<\/p>\n<p style=\"font-weight: 400;\">\n<p style=\"font-weight: 400;\">El tercer lugar lo gan\u00f3 la Escuela para Cadetes General Jos\u00e9 Rafael Hermida Gonz\u00e1lez, de la Polic\u00eda Nacional, con 113 puntos, para siete metales de oro, dos de plata y 11 de bronce.<\/p>\n<p style=\"font-weight: 400;\">\n<p style=\"font-weight: 400;\">La Academia Naval vicealmirante Cesar De Windt Lavandier qued\u00f3 en la cuarta posici\u00f3n con 104 puntos, al obtener tres medallas de oro, siete de plata y 13 de bronce.<\/p>\n<p style=\"font-weight: 400;\">\n<p style=\"font-weight: 400;\"><strong>Atletas M\u00e1s Destacados<\/strong><\/p>\n<p style=\"font-weight: 400;\">Durante la jornada, fue reconocido como mejor atleta masculino el cadete de tercer a\u00f1o Roberto Mariscal Cubilla, FARD, quien obtuvo medallas en diversas categor\u00edas.<\/p>\n<p style=\"font-weight: 400;\">\n<p style=\"font-weight: 400;\">En la rama femenina, la cadete de segundo a\u00f1o Esther Mezquita, ERD, fue destacada como atleta sobresaliente por su notable desempe\u00f1o en m\u00faltiples pruebas de nataci\u00f3n y relevos.<\/p>\n<p style=\"font-weight: 400;\">\n<p style=\"font-weight: 400;\">Con la copa 2025, la Fuerza A\u00e9rea suma 13 primeros lugares en la historia de los Juegos Deportivos de Cadetes y Guardiamarinas de las Fuerzas Armadas y la Polic\u00eda Nacional.<\/p>\n<p style=\"font-weight: 400;\">\n","protected":false},"excerpt":{"rendered":"<p>La Academia A\u00e9rea General de Brigada Piloto Frank Andr\u00e9s Feliz Miranda, de la Fuerza A\u00e9rea de Rep\u00fablica Dominicana, conquist\u00f3 el primer lugar de los XXVIII Juegos Deportivos de Cadetes y Guardiamarinas de las Fuerzas Armadas y la Polic\u00eda Nacional. La ceremonia de clausura estuvo encabezada por el teniente general Carlos Antonio Fern\u00e1ndez Onofre, ERD, ministro [&hellip;]<\/p>\n","protected":false},"author":20,"featured_media":134852,"comment_status":"closed","ping_status":"closed","sticky":false,"template":"","format":"standard","meta":[],"categories":[83143,2],"tags":[101045],"acf":[],"_links":{"self":[{"href":"https:\/\/colimdo.org\/wp-api\/wp\/v2\/posts\/134851"}],"collection":[{"href":"https:\/\/colimdo.org\/wp-api\/wp\/v2\/posts"}],"about":[{"href":"https:\/\/colimdo.org\/wp-api\/wp\/v2\/types\/post"}],"author":[{"embeddable":true,"href":"https:\/\/colimdo.org\/wp-api\/wp\/v2\/users\/20"}],"replies":[{"embeddable":true,"href":"https:\/\/colimdo.org\/wp-api\/wp\/v2\/comments?post=134851"}],"version-history":[{"count":1,"href":"https:\/\/colimdo.org\/wp-api\/wp\/v2\/posts\/134851\/revisions"}],"predecessor-version":[{"id":134853,"href":"https:\/\/colimdo.org\/wp-api\/wp\/v2\/posts\/134851\/revisions\/134853"}],"wp:featuredmedia":[{"embeddable":true,"href":"https:\/\/colimdo.org\/wp-api\/wp\/v2\/media\/134852"}],"wp:attachment":[{"href":"https:\/\/colimdo.org\/wp-api\/wp\/v2\/media?parent=134851"}],"wp:term":[{"taxonomy":"category","embeddable":true,"href":"https:\/\/colimdo.org\/wp-api\/wp\/v2\/categories?post=134851"},{"taxonomy":"post_tag","embeddable":true,"href":"https:\/\/colimdo.org\/wp-api\/wp\/v2\/tags?post=134851"}],"curies":[{"name":"wp","href":"https:\/\/api.w.org\/{rel}","templated":true}]}}