{"id":134873,"date":"2025-11-22T00:09:33","date_gmt":"2025-11-22T00:09:33","guid":{"rendered":"https:\/\/colimdo.org\/?p=134873"},"modified":"2025-11-22T00:09:33","modified_gmt":"2025-11-22T00:09:33","slug":"fedofutbol-anuncia-seleccion-u-17-que-jugara-en-mexico","status":"publish","type":"post","link":"https:\/\/colimdo.org\/noticias\/fedofutbol-anuncia-seleccion-u-17-que-jugara-en-mexico\/","title":{"rendered":"Fedofutbol anuncia selecci\u00f3n U-17 que jugar\u00e1 en M\u00e9xico"},"content":{"rendered":"<p>Este viernes fue dada a conocer la lista de jugadores convocados por la selecci\u00f3n dominicana de f\u00fatbol sub-17 masculina, que estar\u00e1 disputando el Torneo 4 Naciones en Puebla \u2013 M\u00e9xico del 26 al 28 de noviembre del presente a\u00f1o, como parte de la preparaci\u00f3n del elenco nacional de cara a la Clasificatoria de Concacaf que se disputar\u00e1 en febrero de 2026.<\/p>\n<p>Edward Acevedo, seleccionador nacional sub-17 masculino contar\u00e1 con 23 futbolistas para afrontar esta competici\u00f3n en la que Rep\u00fablica Dominicana se medir\u00e1 con M\u00e9xico, Canad\u00e1 y Costa Rica.<\/p>\n<p>El listado de convocados est\u00e1 compuesto por los porteros: Aidan Betances (New York Red Bulls \u2013 USA) y David Rosario (SD Colonial \u2013 RD).<\/p>\n<p>Defensores: Daniel Fern\u00e1ndez (Cibao FC \u2013 RD), Gabriel Florentino (Inter Miami CF \u2013 USA), Alejandro L\u00f3pez (Rayo Vallecano \u2013 Espa\u00f1a), C\u00e9sar Mena (Escuela Bauger \u2013 RD), Daniel Garrido (Barca Academy \u2013 RD), Gabriel D\u00edaz (Santa Fe FC \u2013 RD) y Marcos Castillo (Barca Academy \u2013 RD).<\/p>\n<p>Mediocampistas: Jorge Valenzuela (Barca Academy \u2013 RD), Miguel Mu\u00f1oz (Cibao FC \u2013 RD), Adri\u00e1n Jaquez (CD Legan\u00e9s \u2013 Espa\u00f1a), Juan Morey (La Meca FC \u2013 RD), Anthony Marcus Reynoso (TSF Academy &#8211; USA), Axel Unvoas (Cavigal Nice &#8211; Francia) y Byron Mat\u00edas (FC EMS &#8211; Suiza).<\/p>\n<p>Delanteros: Justin G\u00f3mez (FC San Isidro \u2013 RD), Kamil Castillo (DC United \u2013 USA), Luis Almonte (Barca Academy \u2013 RD), Hugo Gonz\u00e1lez (Players Development Academy PDA &#8211; USA), Eudes Villar (CT United FC &#8211; USA), Dylan Pimentel (NY city FC &#8211; USA) y Richard Medina (CF Pachuca Canc\u00fan \u2013 M\u00e9xico).<\/p>\n<p>Cabe destacar que, inicialmente hab\u00edan sido convocados los jugadores Neit Paulino (Cibao FC), \u2060Junior Arias (Del Este FC), \u2060Ian Herrera (Barca Academy RD) y \u2060Jarol Ramos (Jarabacoa FC), pero no les fue otorgado el visado correspondiente debido a un cruce de documentos que no llegaron a tiempo.<\/p>\n<p>Dominicana abrir\u00e1 su calendario frente a M\u00e9xico el mi\u00e9rcoles 26 de noviembre a partir de las 5:00 de la tarde, luego har\u00e1 su segunda presentaci\u00f3n contra Canad\u00e1 el jueves 27\/11 desde las 11:30 de la ma\u00f1ana y cerrar\u00e1 ante Costa Rica el viernes 28\/11 a las 11:30 AM (Los horarios corresponden a RD).<\/p>\n<p>Los partidos se efectuar\u00e1n en la Unidad Deportiva \u201cSan Juan Cuautlancingo\u201d de la localidad de Puebla.<\/p>\n","protected":false},"excerpt":{"rendered":"<p>Este viernes fue dada a conocer la lista de jugadores convocados por la selecci\u00f3n dominicana de f\u00fatbol sub-17 masculina, que estar\u00e1 disputando el Torneo 4 Naciones en Puebla \u2013 M\u00e9xico del 26 al 28 de noviembre del presente a\u00f1o, como parte de la preparaci\u00f3n del elenco nacional de cara a la Clasificatoria de Concacaf que [&hellip;]<\/p>\n","protected":false},"author":20,"featured_media":134874,"comment_status":"closed","ping_status":"closed","sticky":false,"template":"","format":"standard","meta":[],"categories":[3,2],"tags":[77],"acf":[],"_links":{"self":[{"href":"https:\/\/colimdo.org\/wp-api\/wp\/v2\/posts\/134873"}],"collection":[{"href":"https:\/\/colimdo.org\/wp-api\/wp\/v2\/posts"}],"about":[{"href":"https:\/\/colimdo.org\/wp-api\/wp\/v2\/types\/post"}],"author":[{"embeddable":true,"href":"https:\/\/colimdo.org\/wp-api\/wp\/v2\/users\/20"}],"replies":[{"embeddable":true,"href":"https:\/\/colimdo.org\/wp-api\/wp\/v2\/comments?post=134873"}],"version-history":[{"count":1,"href":"https:\/\/colimdo.org\/wp-api\/wp\/v2\/posts\/134873\/revisions"}],"predecessor-version":[{"id":134875,"href":"https:\/\/colimdo.org\/wp-api\/wp\/v2\/posts\/134873\/revisions\/134875"}],"wp:featuredmedia":[{"embeddable":true,"href":"https:\/\/colimdo.org\/wp-api\/wp\/v2\/media\/134874"}],"wp:attachment":[{"href":"https:\/\/colimdo.org\/wp-api\/wp\/v2\/media?parent=134873"}],"wp:term":[{"taxonomy":"category","embeddable":true,"href":"https:\/\/colimdo.org\/wp-api\/wp\/v2\/categories?post=134873"},{"taxonomy":"post_tag","embeddable":true,"href":"https:\/\/colimdo.org\/wp-api\/wp\/v2\/tags?post=134873"}],"curies":[{"name":"wp","href":"https:\/\/api.w.org\/{rel}","templated":true}]}}