{"id":134911,"date":"2025-11-24T19:09:35","date_gmt":"2025-11-24T19:09:35","guid":{"rendered":"https:\/\/colimdo.org\/?p=134911"},"modified":"2025-11-24T19:09:35","modified_gmt":"2025-11-24T19:09:35","slug":"fdf-presenta-el-programa-centros-regionales-de-talentos","status":"publish","type":"post","link":"https:\/\/colimdo.org\/noticias\/fdf-presenta-el-programa-centros-regionales-de-talentos\/","title":{"rendered":"FDF presenta el Programa Centros Regionales de Talentos"},"content":{"rendered":"<p>Este lunes fue presentado en conferencia de prensa el programa Centros Regionales de Talentos (CRT) de la Federaci\u00f3n Dominicana de F\u00fatbol, evento efectuado en el Sal\u00f3n de Prensa de la FDF bajo la coordinaci\u00f3n de la Direcci\u00f3n de Desarrollo del ente federativo.<\/p>\n<p>Carlos Ram\u00edrez, director de desarrollo de la FDF, encabez\u00f3 el acto y estuvo acompa\u00f1ado de Betzaida Ubri -coordinadora de selecciones femeninas- y Marcelo Neveleff -coordinador de selecciones masculinas-.<\/p>\n<p>Los Centros Regionales de Talentos CRT-RD forman parte del Programa TDS (Talent Developmet Talent) de la FIFA y tienen como misi\u00f3n identificar, formar y desarrollar a los mejores talentos del pa\u00eds en las regiones Norte y Sur, garantizando su preparaci\u00f3n integral bajo est\u00e1ndares internacionales para que puedan integrarse a las selecciones nacionales y, eventualmente, competir en el f\u00fatbol profesional, tanto local como internacional.<\/p>\n<p>El programa estar\u00e1 desarrollando visorias en los meses de diciembre 2025 \u2013 enero 2026, luego pasar\u00e1 a la etapa de identificaci\u00f3n de talentos entre febrero y marzo de 2026, y su tercera etapa estar\u00e1 compuesta por microciclos desde abril a noviembre de 2026.<\/p>\n<p>Ram\u00edrez explic\u00f3 que: \u201cEste programa tiene como principal objetivo desarrollar los talentos en el pa\u00eds, m\u00e1s no es de car\u00e1cter competitivo. La idea es que los talentos puedan ser trabajados en dos grandes regiones como lo son el Norte y el Sur\u201d.<\/p>\n<p>Por su parte, Betzaida Ubri manifest\u00f3: \u201cLas primeras visorias femeninas se aplicar\u00e1n desde el 7 de diciembre y la intenci\u00f3n es brindarles herramientas que permitan potenciarlos a partir de un patr\u00f3n de trabajo que estar\u00e1 coordinado por nuestro equipo de trabajo\u201d.<\/p>\n<p>Marcelo Neveleff a su vez hizo \u00e9nfasis en: \u201cLa realidad de este proyecto es que quienes tienen que llevarlo adelante son los propios entrenadores de cada regi\u00f3n y nosotros les ayudaremos desde la asesor\u00eda o la tutor\u00eda para garantizar que se cumplan los lineamientos. La idea es sacar el mayor provecho de este programa\u201d.<\/p>\n<p>Fue explicado que la idea es cumplir con los lineamientos y lapsos de tiempo estipulados por la FIFA en el marco de este programa para que la FDF pueda optar a la mejor\u00eda del mismo y poder elevar el nivel.<\/p>\n<p>&nbsp;<\/p>\n","protected":false},"excerpt":{"rendered":"<p>Este lunes fue presentado en conferencia de prensa el programa Centros Regionales de Talentos (CRT) de la Federaci\u00f3n Dominicana de F\u00fatbol, evento efectuado en el Sal\u00f3n de Prensa de la FDF bajo la coordinaci\u00f3n de la Direcci\u00f3n de Desarrollo del ente federativo. Carlos Ram\u00edrez, director de desarrollo de la FDF, encabez\u00f3 el acto y estuvo [&hellip;]<\/p>\n","protected":false},"author":20,"featured_media":134912,"comment_status":"closed","ping_status":"closed","sticky":false,"template":"","format":"standard","meta":[],"categories":[3,2],"tags":[77],"acf":[],"_links":{"self":[{"href":"https:\/\/colimdo.org\/wp-api\/wp\/v2\/posts\/134911"}],"collection":[{"href":"https:\/\/colimdo.org\/wp-api\/wp\/v2\/posts"}],"about":[{"href":"https:\/\/colimdo.org\/wp-api\/wp\/v2\/types\/post"}],"author":[{"embeddable":true,"href":"https:\/\/colimdo.org\/wp-api\/wp\/v2\/users\/20"}],"replies":[{"embeddable":true,"href":"https:\/\/colimdo.org\/wp-api\/wp\/v2\/comments?post=134911"}],"version-history":[{"count":1,"href":"https:\/\/colimdo.org\/wp-api\/wp\/v2\/posts\/134911\/revisions"}],"predecessor-version":[{"id":134913,"href":"https:\/\/colimdo.org\/wp-api\/wp\/v2\/posts\/134911\/revisions\/134913"}],"wp:featuredmedia":[{"embeddable":true,"href":"https:\/\/colimdo.org\/wp-api\/wp\/v2\/media\/134912"}],"wp:attachment":[{"href":"https:\/\/colimdo.org\/wp-api\/wp\/v2\/media?parent=134911"}],"wp:term":[{"taxonomy":"category","embeddable":true,"href":"https:\/\/colimdo.org\/wp-api\/wp\/v2\/categories?post=134911"},{"taxonomy":"post_tag","embeddable":true,"href":"https:\/\/colimdo.org\/wp-api\/wp\/v2\/tags?post=134911"}],"curies":[{"name":"wp","href":"https:\/\/api.w.org\/{rel}","templated":true}]}}