{"id":134935,"date":"2025-11-25T23:40:17","date_gmt":"2025-11-25T23:40:17","guid":{"rendered":"https:\/\/colimdo.org\/?p=134935"},"modified":"2025-11-25T23:40:17","modified_gmt":"2025-11-25T23:40:17","slug":"republica-dominicana-sera-sede-del-campeonato-mundial-de-raquetbol","status":"publish","type":"post","link":"https:\/\/colimdo.org\/noticias\/republica-dominicana-sera-sede-del-campeonato-mundial-de-raquetbol\/","title":{"rendered":"Rep\u00fablica Dominicana ser\u00e1 sede del Campeonato Mundial de Raquetbol"},"content":{"rendered":"<p>La Rep\u00fablica Dominicana ser\u00e1 sede del trig\u00e9simo sexto Campeonato Mundial de Raquetbol, que se celebrar\u00e1 del cinco al 13 de diciembre en la cancha de ese deporte en el Centro Ol\u00edmpico Juan Pablo Duarte.<\/p>\n<p>El campeonato se realizar\u00e1 en las divisiones de 10-12-14 y 16 a\u00f1os, quienes competir\u00e1n en la Copa Spirit, mientras que en la Copa Mundia tomar\u00e1n parte atletas de 16-18 y 21 a\u00f1os.<\/p>\n<p>En total se espera la participaci\u00f3n de m\u00e1s de 350 atletas. El pa\u00eds, que fue sede de un evento similar el pasado 2015 en el mismo escenario, estar\u00e1 representado por 14 jugadores.<\/p>\n<p>&#8220;Desde el primer d\u00eda se le dio el s\u00ed al campeonato\u201d, dijo el viceministro de Deportes, Franklin de la Mota, quien encabez\u00f3 al encuentro con la prensa celebrado en el Sal\u00f3n James Rodr\u00edguez<\/p>\n<p>La inauguraci\u00f3n ser\u00e1 el d\u00eda cinco y los partidos comenzar\u00e1n a partir del din siguiente, inform\u00f3 el presidente de la Federaci\u00f3n Dominicana de Raquetbol, Rafael Fern\u00e1ndez, y adelant\u00f3 que habr\u00e1 partidos desde la ma\u00f1ana hasta la noche.<\/p>\n<p>La pista de competencia cuenta con ocho canchas.<\/p>\n<p>Entre los pa\u00edses participantes, inform\u00f3 Fern\u00e1ndez, se encuentran Corea del Sur, China Tape, quienes vienen por primera vez al pa\u00eds; Canad\u00e1, Estados Unidos, M\u00e9xico, Guatemala, Ecuador, Argentina, Colombia, Bolivia, Costa Rica, entre otros<\/p>\n<p>&#8220;Queremos que el pa\u00eds siga brillando en eventos como este, con la presencia de esos 18 pa\u00edses es una forma de hacer turismo deportivo&#8221;, agreg\u00f3 De la Mota, Adem\u00e1s de que los visitantes pueden decir que tenemos &#8220;un raquetbol y canchas de primera\u201d.<\/p>\n<p>El secretario general de la Federaci\u00f3n, Ram\u00f3n Acosta Graveley, record\u00f3 que el pa\u00eds no organizaba un evento de este nivel desde 2015. &#8220;Tenemos mucha fe de que nuestros atletas puedan desenvolverse en este campeonato&#8221;, dijo Acosta.<\/p>\n<p>El director t\u00e9cnico de la Federaci\u00f3n, Ricardo Mootuig, resalt\u00f3 la importancia de ser anfitri\u00f3n de este certamen. &#8220;Nos ayuda much\u00edsimo&#8221;, dijo. &#8220;Hace a\u00f1os tuvimos este evento y esos atletas, hoy en d\u00eda, son los medallistas centroamericanos y panamericanos de Rep\u00fablica Dominicana&#8221;, se\u00f1al\u00f3.<\/p>\n<p>&#8220;Esperamos que los de ahora sean tambi\u00e9n los pr\u00f3ximos protagonistas de los eventos internacionales\u201d, resalt\u00f3 Fern\u00e1ndez<\/p>\n","protected":false},"excerpt":{"rendered":"<p>La Rep\u00fablica Dominicana ser\u00e1 sede del trig\u00e9simo sexto Campeonato Mundial de Raquetbol, que se celebrar\u00e1 del cinco al 13 de diciembre en la cancha de ese deporte en el Centro Ol\u00edmpico Juan Pablo Duarte. El campeonato se realizar\u00e1 en las divisiones de 10-12-14 y 16 a\u00f1os, quienes competir\u00e1n en la Copa Spirit, mientras que en [&hellip;]<\/p>\n","protected":false},"author":20,"featured_media":134936,"comment_status":"closed","ping_status":"closed","sticky":false,"template":"","format":"standard","meta":[],"categories":[3,2],"tags":[101052,101051],"acf":[],"_links":{"self":[{"href":"https:\/\/colimdo.org\/wp-api\/wp\/v2\/posts\/134935"}],"collection":[{"href":"https:\/\/colimdo.org\/wp-api\/wp\/v2\/posts"}],"about":[{"href":"https:\/\/colimdo.org\/wp-api\/wp\/v2\/types\/post"}],"author":[{"embeddable":true,"href":"https:\/\/colimdo.org\/wp-api\/wp\/v2\/users\/20"}],"replies":[{"embeddable":true,"href":"https:\/\/colimdo.org\/wp-api\/wp\/v2\/comments?post=134935"}],"version-history":[{"count":1,"href":"https:\/\/colimdo.org\/wp-api\/wp\/v2\/posts\/134935\/revisions"}],"predecessor-version":[{"id":134937,"href":"https:\/\/colimdo.org\/wp-api\/wp\/v2\/posts\/134935\/revisions\/134937"}],"wp:featuredmedia":[{"embeddable":true,"href":"https:\/\/colimdo.org\/wp-api\/wp\/v2\/media\/134936"}],"wp:attachment":[{"href":"https:\/\/colimdo.org\/wp-api\/wp\/v2\/media?parent=134935"}],"wp:term":[{"taxonomy":"category","embeddable":true,"href":"https:\/\/colimdo.org\/wp-api\/wp\/v2\/categories?post=134935"},{"taxonomy":"post_tag","embeddable":true,"href":"https:\/\/colimdo.org\/wp-api\/wp\/v2\/tags?post=134935"}],"curies":[{"name":"wp","href":"https:\/\/api.w.org\/{rel}","templated":true}]}}