{"id":134966,"date":"2025-11-27T18:46:07","date_gmt":"2025-11-27T18:46:07","guid":{"rendered":"https:\/\/colimdo.org\/?p=134966"},"modified":"2025-11-27T18:46:07","modified_gmt":"2025-11-27T18:46:07","slug":"che-garcia-escoge-12-jugadores-y-viajaron-a-mexico-por-primera-ventana-del-mundial","status":"publish","type":"post","link":"https:\/\/colimdo.org\/noticias\/che-garcia-escoge-12-jugadores-y-viajaron-a-mexico-por-primera-ventana-del-mundial\/","title":{"rendered":"Ch\u00e9 Garc\u00eda escoge 12 jugadores y viajaron a M\u00e9xico por Primera Ventana del Mundial"},"content":{"rendered":"<p>El dirigente N\u00e9stor -Ch\u00e9- Garc\u00eda, del equipo nacional de baloncesto de mayores escogi\u00f3 sus 12 jugadores para enfrentar a M\u00e9xico, en su casa, el pr\u00f3ximo viernes 28, en la Primera Ventana Clasificatoria a la Copa Mundial Catar 2027.<\/p>\n<p>&nbsp;<\/p>\n<p>La delegaci\u00f3n quisqueyana parti\u00f3 la ma\u00f1ana de este lunes con destino a la ciudad de Zacatecas, en M\u00e9xico, donde har\u00e1n su base de entrenamientos en su preparaci\u00f3n para el partido del viernes vs. los aztecas, 8:10 de la noche, en el Gimnasio Marcelino Gonz\u00e1lez.<\/p>\n<p>&nbsp;<\/p>\n<p>Para tal compromiso en suelo mexicano, el t\u00e9cnico argentino Ch\u00e9 Garc\u00eda hizo el anuncio oficial de su plantel, el cual encabezan los armadores Andr\u00e9s Feliz, Jean Montero y Richard Bautista; los guards Jassel P\u00e9rez y Omar Silverio; los peque\u00f1os delanteros Chris Duarte y LJ Figueroa; y los delanteros de poder Juan Guerrero y Anderson Garc\u00eda.<\/p>\n<p>&nbsp;<\/p>\n<p>Los centros que hicieron el viaje fueron \u00c1ngel N\u00fa\u00f1ez, Joel Soriano y Jonathan Ara\u00fajo.<\/p>\n<p>&nbsp;<\/p>\n<p>Garc\u00eda tiene de asistentes a David D\u00edaz, Abraham Disla y el argentino Sergio Jim\u00e9nez; el gerente general lo es Junior P\u00e1ez (Jipy), vicepresidente de la Federaci\u00f3n Dominicana de Baloncesto (Fedombal); Carlos De Le\u00f3n, director de Operaciones; el kinesi\u00f3logo Adenhaweer D\u00edaz (Rilling); y el doctor Gewill Acosta, es el m\u00e9dico del equipo nacional.<\/p>\n<p>&nbsp;<\/p>\n<p>Por igual, Malvin Zamora estar\u00e1 de fisioterapeuta y Jean Carlos P\u00e9rez, preparador f\u00edsico.<\/p>\n<p>&nbsp;<\/p>\n<p>Dominicana tiene en su historial cuatro mundiales, que inici\u00f3 en Filipinas 1978 y 26 a\u00f1os despu\u00e9s hilvanan otras tres seguidas con Espa\u00f1a 2014, China 2019 y la repartida entre Indonesia, Jap\u00f3n y Filipinas 2023, e ir\u00edan tras su cuarto seguido, y el quinto de por vida.<\/p>\n<p>&nbsp;<\/p>\n<p>El choque est\u00e1 previsto a las 8:40 de la noche, hora en esa ciudad del centro de M\u00e9xico, 10:40 pm en Santo Domingo, y luego jugar\u00e1n en suelo dominicano el lunes 1 de diciembre en el Palacio del Voleibol Ricardo Gioriber Arias, del Centro Ol\u00edmpico Juan Pablo Duarte.<\/p>\n<p>&nbsp;<\/p>\n<p>El combinado dominicano forma parte del grupo A entre los 16 pa\u00edses de Las Am\u00e9ricas, que dispone de siete plazas para Catar 2027, con los Estados Unidos, M\u00e9xico y Nicaragua.<\/p>\n<p>&nbsp;<\/p>\n<p>Con los norteamericanos, los criollos chocar\u00e1n -3ra ventana- el viernes 3 de julio del 2026, en el remozado Palacio de los Deportes Virgilio Travieso Soto, en Santo Domingo.<\/p>\n<p>&nbsp;<\/p>\n<p>El grupo B lo conforman Puerto Rico, Canad\u00e1, Bahamas y Jamaica; en el C est\u00e1n Brasil, Venezuela, Colombia y Chile; y en el grupo D, Argentina, Uruguay, Panam\u00e1 y Cuba.<\/p>\n<p>&nbsp;<\/p>\n","protected":false},"excerpt":{"rendered":"<p>El dirigente N\u00e9stor -Ch\u00e9- Garc\u00eda, del equipo nacional de baloncesto de mayores escogi\u00f3 sus 12 jugadores para enfrentar a M\u00e9xico, en su casa, el pr\u00f3ximo viernes 28, en la Primera Ventana Clasificatoria a la Copa Mundial Catar 2027. &nbsp; La delegaci\u00f3n quisqueyana parti\u00f3 la ma\u00f1ana de este lunes con destino a la ciudad de Zacatecas, [&hellip;]<\/p>\n","protected":false},"author":20,"featured_media":134967,"comment_status":"closed","ping_status":"closed","sticky":false,"template":"","format":"standard","meta":[],"categories":[3,2],"tags":[24795,88190],"acf":[],"_links":{"self":[{"href":"https:\/\/colimdo.org\/wp-api\/wp\/v2\/posts\/134966"}],"collection":[{"href":"https:\/\/colimdo.org\/wp-api\/wp\/v2\/posts"}],"about":[{"href":"https:\/\/colimdo.org\/wp-api\/wp\/v2\/types\/post"}],"author":[{"embeddable":true,"href":"https:\/\/colimdo.org\/wp-api\/wp\/v2\/users\/20"}],"replies":[{"embeddable":true,"href":"https:\/\/colimdo.org\/wp-api\/wp\/v2\/comments?post=134966"}],"version-history":[{"count":1,"href":"https:\/\/colimdo.org\/wp-api\/wp\/v2\/posts\/134966\/revisions"}],"predecessor-version":[{"id":134968,"href":"https:\/\/colimdo.org\/wp-api\/wp\/v2\/posts\/134966\/revisions\/134968"}],"wp:featuredmedia":[{"embeddable":true,"href":"https:\/\/colimdo.org\/wp-api\/wp\/v2\/media\/134967"}],"wp:attachment":[{"href":"https:\/\/colimdo.org\/wp-api\/wp\/v2\/media?parent=134966"}],"wp:term":[{"taxonomy":"category","embeddable":true,"href":"https:\/\/colimdo.org\/wp-api\/wp\/v2\/categories?post=134966"},{"taxonomy":"post_tag","embeddable":true,"href":"https:\/\/colimdo.org\/wp-api\/wp\/v2\/tags?post=134966"}],"curies":[{"name":"wp","href":"https:\/\/api.w.org\/{rel}","templated":true}]}}