{"id":134969,"date":"2025-11-27T18:49:57","date_gmt":"2025-11-27T18:49:57","guid":{"rendered":"https:\/\/colimdo.org\/?p=134969"},"modified":"2025-11-27T18:49:57","modified_gmt":"2025-11-27T18:49:57","slug":"candida-vasquez-encabeza-llegada-de-atletas-de-pesas-y-lucha","status":"publish","type":"post","link":"https:\/\/colimdo.org\/noticias\/candida-vasquez-encabeza-llegada-de-atletas-de-pesas-y-lucha\/","title":{"rendered":"C\u00e1ndida V\u00e1squez encabeza llegada de atletas de pesas y lucha"},"content":{"rendered":"<p><strong>PUNTA CANA, LA ALTAGRACIA.-<\/strong> Con la satisfacci\u00f3n del deber cumplido al competir a un alto nivel representando a la Rep\u00fablica Dominicana, arribaron al pa\u00eds, la tarde-noche del mi\u00e9rcoles, las selecciones nacionales de levantamiento de pesas y lucha, las cuales conquistaron ocho medallas en los XX Juegos Bolivarianos 2025 Ayacucho-Lima.<\/p>\n<p>C\u00e1ndida V\u00e1squez, medallista de oro en el torneo de halterofilia de estos juegos, encabez\u00f3 la llegada de los nueve atletas que desembarcaron por el aeropuerto de Punta Cana.<\/p>\n<p>Pesas se hizo de una presea dorada, una de plata y dos bronce, mientras que lucha se adjudic\u00f3 tres plateadas y un bronce.<\/p>\n<p>V\u00e1squez, quien fue la abanderada de la delegaci\u00f3n quisqueyana, valor\u00f3 positivamente el regresar al pa\u00eds con buenos resultados, as\u00ed como servir de inspiraci\u00f3n para que sus compa\u00f1eros ganaran medallas.<\/p>\n<p>Junto a la experimentada pesista, quien marc\u00f3 la pauta para la conquista de medallas, siendo la primera, vinieron los medallistas de bronce en pesas, Pamela Rojas y Dauri Vargas, as\u00ed como los dem\u00e1s representantes dominicanos en dicha disciplina deportiva, junto con sus entrenadores.<\/p>\n<p><iframe loading=\"lazy\" title=\"Llegada de los medallistas de pesa y lucha\" width=\"500\" height=\"281\" src=\"https:\/\/www.youtube.com\/embed\/5KqWtS_ySS0?feature=oembed\" frameborder=\"0\" allow=\"accelerometer; autoplay; clipboard-write; encrypted-media; gyroscope; picture-in-picture; web-share\" referrerpolicy=\"strict-origin-when-cross-origin\" allowfullscreen><\/iframe><\/p>\n<p>Rojas revel\u00f3 que a\u00fan est\u00e1 sorprendida con el resultado obtenido, \u201cde verdad que no me lo esperaba\u201d. Por otro lado, Vargas considera que realizaron un buen trabajo por lo cual se muestran honrados de representar.<\/p>\n<p>De su lado, Edison Adames Garc\u00eda, medallista de plata en lucha, manifest\u00f3 el orgullo que siente de haber representado el pa\u00eds y poner en alto la bandera. \u201cEstoy feliz con el objetivo que logr\u00e9\u201d.<\/p>\n<p>Adames se hizo acompa\u00f1ar del tambi\u00e9n luchador medallista de plata, Carlos Alberto Adames, quien indic\u00f3 que la competencia reci\u00e9n finalizada ser\u00e1 parte del proceso de preparaci\u00f3n de cara al clasificatorio para los Juegos Centroamericanos y del Caribe.<\/p>\n<p><img decoding=\"async\" loading=\"lazy\" class=\"alignnone size-full wp-image-134970\" src=\"https:\/\/colimdo.org\/wp-content\/uploads\/2025\/11\/DSC_8959-scaled.jpg\" alt=\"\" width=\"2560\" height=\"1709\" srcset=\"https:\/\/colimdo.org\/wp-content\/uploads\/2025\/11\/DSC_8959-scaled.jpg 2560w, https:\/\/colimdo.org\/wp-content\/uploads\/2025\/11\/DSC_8959-300x200.jpg 300w, https:\/\/colimdo.org\/wp-content\/uploads\/2025\/11\/DSC_8959-1024x684.jpg 1024w, https:\/\/colimdo.org\/wp-content\/uploads\/2025\/11\/DSC_8959-768x513.jpg 768w, https:\/\/colimdo.org\/wp-content\/uploads\/2025\/11\/DSC_8959-1536x1025.jpg 1536w, https:\/\/colimdo.org\/wp-content\/uploads\/2025\/11\/DSC_8959-2048x1367.jpg 2048w\" sizes=\"(max-width: 2560px) 100vw, 2560px\" \/> <img decoding=\"async\" loading=\"lazy\" class=\"alignnone size-full wp-image-134972\" src=\"https:\/\/colimdo.org\/wp-content\/uploads\/2025\/11\/DSC_8970-scaled.jpg\" alt=\"\" width=\"2560\" height=\"1709\" srcset=\"https:\/\/colimdo.org\/wp-content\/uploads\/2025\/11\/DSC_8970-scaled.jpg 2560w, https:\/\/colimdo.org\/wp-content\/uploads\/2025\/11\/DSC_8970-300x200.jpg 300w, https:\/\/colimdo.org\/wp-content\/uploads\/2025\/11\/DSC_8970-1024x684.jpg 1024w, https:\/\/colimdo.org\/wp-content\/uploads\/2025\/11\/DSC_8970-768x513.jpg 768w, https:\/\/colimdo.org\/wp-content\/uploads\/2025\/11\/DSC_8970-1536x1025.jpg 1536w, https:\/\/colimdo.org\/wp-content\/uploads\/2025\/11\/DSC_8970-2048x1367.jpg 2048w\" sizes=\"(max-width: 2560px) 100vw, 2560px\" \/><\/p>\n","protected":false},"excerpt":{"rendered":"<p>PUNTA CANA, LA ALTAGRACIA.- Con la satisfacci\u00f3n del deber cumplido al competir a un alto nivel representando a la Rep\u00fablica Dominicana, arribaron al pa\u00eds, la tarde-noche del mi\u00e9rcoles, las selecciones nacionales de levantamiento de pesas y lucha, las cuales conquistaron ocho medallas en los XX Juegos Bolivarianos 2025 Ayacucho-Lima. C\u00e1ndida V\u00e1squez, medallista de oro en [&hellip;]<\/p>\n","protected":false},"author":20,"featured_media":134971,"comment_status":"closed","ping_status":"closed","sticky":false,"template":"","format":"standard","meta":[],"categories":[2,79855],"tags":[101054],"acf":[],"_links":{"self":[{"href":"https:\/\/colimdo.org\/wp-api\/wp\/v2\/posts\/134969"}],"collection":[{"href":"https:\/\/colimdo.org\/wp-api\/wp\/v2\/posts"}],"about":[{"href":"https:\/\/colimdo.org\/wp-api\/wp\/v2\/types\/post"}],"author":[{"embeddable":true,"href":"https:\/\/colimdo.org\/wp-api\/wp\/v2\/users\/20"}],"replies":[{"embeddable":true,"href":"https:\/\/colimdo.org\/wp-api\/wp\/v2\/comments?post=134969"}],"version-history":[{"count":1,"href":"https:\/\/colimdo.org\/wp-api\/wp\/v2\/posts\/134969\/revisions"}],"predecessor-version":[{"id":134973,"href":"https:\/\/colimdo.org\/wp-api\/wp\/v2\/posts\/134969\/revisions\/134973"}],"wp:featuredmedia":[{"embeddable":true,"href":"https:\/\/colimdo.org\/wp-api\/wp\/v2\/media\/134971"}],"wp:attachment":[{"href":"https:\/\/colimdo.org\/wp-api\/wp\/v2\/media?parent=134969"}],"wp:term":[{"taxonomy":"category","embeddable":true,"href":"https:\/\/colimdo.org\/wp-api\/wp\/v2\/categories?post=134969"},{"taxonomy":"post_tag","embeddable":true,"href":"https:\/\/colimdo.org\/wp-api\/wp\/v2\/tags?post=134969"}],"curies":[{"name":"wp","href":"https:\/\/api.w.org\/{rel}","templated":true}]}}