{"id":135036,"date":"2025-12-01T19:13:05","date_gmt":"2025-12-01T19:13:05","guid":{"rendered":"https:\/\/colimdo.org\/?p=135036"},"modified":"2025-12-01T19:13:05","modified_gmt":"2025-12-01T19:13:05","slug":"galeria-de-la-fama-del-noroeste-llena-de-gloria-a-sus-heroes-regionales","status":"publish","type":"post","link":"https:\/\/colimdo.org\/noticias\/galeria-de-la-fama-del-noroeste-llena-de-gloria-a-sus-heroes-regionales\/","title":{"rendered":"Galer\u00eda de la Fama del Noroeste llena de gloria a sus h\u00e9roes regionales"},"content":{"rendered":"<p><strong>Mao, Valverde.-<\/strong> Alexis G\u00f3mez, Manuel Vargas Torres, Jos\u00e9 Ventura, Elvys Gonell, J\u00fanior Balbuena y el propulsor Fernando Rodr\u00edguez alcanzaron la privilegiada condici\u00f3n de inmortales al ser exaltados el pasado s\u00e1bado por la Galer\u00eda de la Fama del Deporte Noroestano.<\/p>\n<p>Los nuevos h\u00e9roes del deporte regional fueron entronizados durante una emotiva ceremonia realizada en el auditorio Juan de Jes\u00fas Reyes, de la Universidad Tecnol\u00f3gica de Santiago (UTESA), recinto Mao.<\/p>\n<p>Gomez, un ex grandes ligas y de la m\u00e1s reciente generaci\u00f3n de jugadores \u00edconos de las \u00c1guilas Cibae\u00f1as, fue inmortalizado en la disciplina de b\u00e9isbol. Fue uno de dos deportistas nativos de Loma de Cabrera, Dajab\u00f3n, reconocidos por la Galer\u00eda de la Fama del Noroeste (GAFADENOR).<\/p>\n<p>Tambien de Loma de Cabrera, pero en softbol, fue exaltado el otrora astro de la selecci\u00f3n nacional Manuel Vargas Torres, un grande entre los softbolista que han vestido la ense\u00f1a tricolor.<\/p>\n<p>Elvys Gonell, gloria del b\u00e9isbol amateur de toda la regi\u00f3n, con su inmortalizacion puso en el mapa del deporte nacional a su natal Santiago Rodr\u00edguez.<\/p>\n<p>Jos\u00e9 Ventura y J\u00fanior Balbuena, oriundos de esta provincia mae\u00f1a, fueron exaltados como premio a sus respectivas trayectorias en atletismo y f\u00fatbol, respectivamente.<\/p>\n<p>Y a Fernando Rodr\u00edguez, otra personalidad orgullo de este pueblo,<br \/>\nla Galer\u00eda de la Fama le retribuye los aportes realizados por un notable propulsor, en el mundo del deporte y desde los medios de comunicaci\u00f3n.<\/p>\n<p>La und\u00e9cima gala de la<br \/>\nClase 2025, que se celebra cada dos a\u00f1os, fue presidida por el ingeniero H\u00e9ctor -Tony- Herrera, titular de la Galer\u00eda de la Fama del Deporte Noroestano y Alfonso Pe\u00f1alo, en su condici\u00f3n de Presidente Honor del Ceremonial.<\/p>\n<p>La solemne actividad fue dedicada al ex jugador, presidente, dirigente y gerente ganador en el b\u00e9isbol Dominicano con las \u00c1guilas Cibae\u00f1as, Winston Llenas.<\/p>\n<p>Asimismo, la Galer\u00eda de la Fama rindi\u00f3 un homenaje p\u00f3stumo a su inmortal y miembro del Comit\u00e9 Permanente, Osvaldo Virgil. El galard\u00f3n fue recibido por Nelson Cruz padre, progenitor del ex pelotero de grandes ligas Nelson Cruz Jr.<\/p>\n<p>El evento dio inicio con la instalaci\u00f3n de los miembros del Comit\u00e9 Permanente de Galer\u00eda de la Fama y del Presidente de Honor, interpretaci\u00f3n de los himnos nacional y de Gafadenor, as\u00ed como la bendici\u00f3n del ceremonial.<\/p>\n<p>Luego se produjeron las palabras del presidente de Gafadenor, Tony Herrera, quien destac\u00f3 la calidad de los deportistas elegidos para la inmortalidad de la Clase 2025.<\/p>\n<p>&#8220;Hoy es un d\u00eda de profundo orgullo para nuestra regi\u00f3n Noroestana, pues con enorme satisfacci\u00f3n celebramos esta und\u00e9cima ceremonia de exaltaci\u00f3n a los deportistas meritorios de nuestra regi\u00f3n, un acontecimiento que no solo honra trayectorias individuales, sino que tambi\u00e9n reafirma el compromiso colectivo con los valores que engrandecen el deporte dominicano&#8221;, dijo H\u00e9ctor -Tony- Herrera.<\/p>\n<p>En ese sentido, el presidente de Gafadenor expres\u00f3: &#8220;Que esta ceremonia sea un recordatorio de que el deporte es uni\u00f3n, es identidad y es esperanza. Sigamos trabajando juntos para fortalecerlo, para multiplicar oportunidades y para que el legado de ustedes, nuestros deportistas, siga iluminando el porvenir del Noroeste y de la Rep\u00fablica Dominicana&#8221;.<\/p>\n<p>Entre las personalidades presentes estuvieron el ex ministro de deportes (2004-2012) Felipe -Jay- Payano; doctor Dionisio Guzm\u00e1n, presidente del Comit\u00e9 Permanente del Pabellon de la Fama del Deporte Dominicano y Candido Alm\u00e1nzar, rector de UTESA recinto Mao.<\/p>\n<p>Los actuantes del ceremonial fueron los deportistas Manuel Collado, Federico Franco, portadores de la bandera nacional y de la Galer\u00eda de la Fama; Juan Reinoso y V\u00edctor Santos, quienes desfilaron portando el machete y el laurel, respectivamente.<\/p>\n<p>In\u00e9s N\u00fa\u00f1ez desfil\u00f3 con el mallete y la espiga de arroz fue portada por Jos\u00e9 Antonio Rosa.<\/p>\n<p>Adem\u00e1s de H\u00e9ctor Herrera, los miembros del Comit\u00e9 Permanente de la Galer\u00eda son Handry Santana, Manuel Peralta, Luis Echavarr\u00eda y Candido Alm\u00e1nzar.<\/p>\n","protected":false},"excerpt":{"rendered":"<p>Mao, Valverde.- Alexis G\u00f3mez, Manuel Vargas Torres, Jos\u00e9 Ventura, Elvys Gonell, J\u00fanior Balbuena y el propulsor Fernando Rodr\u00edguez alcanzaron la privilegiada condici\u00f3n de inmortales al ser exaltados el pasado s\u00e1bado por la Galer\u00eda de la Fama del Deporte Noroestano. Los nuevos h\u00e9roes del deporte regional fueron entronizados durante una emotiva ceremonia realizada en el auditorio [&hellip;]<\/p>\n","protected":false},"author":20,"featured_media":135037,"comment_status":"closed","ping_status":"closed","sticky":false,"template":"","format":"standard","meta":[],"categories":[83143,2],"tags":[101055],"acf":[],"_links":{"self":[{"href":"https:\/\/colimdo.org\/wp-api\/wp\/v2\/posts\/135036"}],"collection":[{"href":"https:\/\/colimdo.org\/wp-api\/wp\/v2\/posts"}],"about":[{"href":"https:\/\/colimdo.org\/wp-api\/wp\/v2\/types\/post"}],"author":[{"embeddable":true,"href":"https:\/\/colimdo.org\/wp-api\/wp\/v2\/users\/20"}],"replies":[{"embeddable":true,"href":"https:\/\/colimdo.org\/wp-api\/wp\/v2\/comments?post=135036"}],"version-history":[{"count":1,"href":"https:\/\/colimdo.org\/wp-api\/wp\/v2\/posts\/135036\/revisions"}],"predecessor-version":[{"id":135038,"href":"https:\/\/colimdo.org\/wp-api\/wp\/v2\/posts\/135036\/revisions\/135038"}],"wp:featuredmedia":[{"embeddable":true,"href":"https:\/\/colimdo.org\/wp-api\/wp\/v2\/media\/135037"}],"wp:attachment":[{"href":"https:\/\/colimdo.org\/wp-api\/wp\/v2\/media?parent=135036"}],"wp:term":[{"taxonomy":"category","embeddable":true,"href":"https:\/\/colimdo.org\/wp-api\/wp\/v2\/categories?post=135036"},{"taxonomy":"post_tag","embeddable":true,"href":"https:\/\/colimdo.org\/wp-api\/wp\/v2\/tags?post=135036"}],"curies":[{"name":"wp","href":"https:\/\/api.w.org\/{rel}","templated":true}]}}