{"id":135177,"date":"2025-12-08T20:34:20","date_gmt":"2025-12-08T20:34:20","guid":{"rendered":"https:\/\/colimdo.org\/?p=135177"},"modified":"2025-12-08T20:34:20","modified_gmt":"2025-12-08T20:34:20","slug":"comite-organizador-recibe-visita-directivos-el-salvador-2023","status":"publish","type":"post","link":"https:\/\/colimdo.org\/noticias\/comite-organizador-recibe-visita-directivos-el-salvador-2023\/","title":{"rendered":"Comit\u00e9 Organizador recibe visita directivos El Salvador 2023"},"content":{"rendered":"<p>El Comit\u00e9 Organizador de los Juegos Centroamericanos y del Caribe Santo Domingo 2026 recibi\u00f3 la visita de una delegaci\u00f3n de El Salvador, la cual valor\u00f3 los avances que, en t\u00e9rminos de infraestructura, exhibe la Rep\u00fablica Dominicana para la celebraci\u00f3n de la cita regional.<\/p>\n<p>Los visitantes formaron parte del Comit\u00e9 Organizador de los Juegos San Salvador 2023 y llegaron con el prop\u00f3sito de compartir experiencias sobre el montaje y la operaci\u00f3n de esa justa deportiva.<\/p>\n<p>La delegaci\u00f3n estuvo integrada por Dinora Acevedo, directora general de los Juegos San Salvador 2023; Lucrecia M\u00f3nico, secretaria general; y Carlos Pereira, gobernador de la Villa. Fueron recibidos por el presidente del Comit\u00e9 Organizador de Santo Domingo 2026, Jos\u00e9 P. Monegro, y el director general, Tom\u00e1s Polanco.<\/p>\n<p>Los tres delegados coincidieron en destacar el nivel de avance de las instalaciones dominicanas. &#8220;Nosotros vemos una gran ventaja con ustedes&#8221;, dijo Acevedo, &#8220;pero una grand\u00edsima ventaja, y es que villa y sedes deportivas ya las tienen, que es con lo que la mayor\u00eda de comit\u00e9s organizadores batallamos&#8221; al momento de montar unos Juegos.<\/p>\n<p>Agreg\u00f3 que &#8220;creo que el mayor reto que tienen ustedes es la gesti\u00f3n de todo ese recurso disponible que ya tienen de aqu\u00ed a la puesta en marcha de los Juegos&#8221;, planteamiento con el que coincidieron sus dos compa\u00f1eros.<\/p>\n<p>La visita incluy\u00f3 reuniones con los responsables de las diversas \u00e1reas ejecutivas del Comit\u00e9 Organizador, como alimentaci\u00f3n, transporte, seguridad, Villa, direcci\u00f3n t\u00e9cnica, entre otros departamentos.<\/p>\n<p>Acevedo, Pereira y M\u00f3nico tambi\u00e9n realizaron un recorrido por las instalaciones que actualmente se remodelan para acoger los Juegos de Santo Domingo 2026.<\/p>\n","protected":false},"excerpt":{"rendered":"<p>El Comit\u00e9 Organizador de los Juegos Centroamericanos y del Caribe Santo Domingo 2026 recibi\u00f3 la visita de una delegaci\u00f3n de El Salvador, la cual valor\u00f3 los avances que, en t\u00e9rminos de infraestructura, exhibe la Rep\u00fablica Dominicana para la celebraci\u00f3n de la cita regional. Los visitantes formaron parte del Comit\u00e9 Organizador de los Juegos San Salvador [&hellip;]<\/p>\n","protected":false},"author":20,"featured_media":135178,"comment_status":"closed","ping_status":"closed","sticky":false,"template":"","format":"standard","meta":[],"categories":[2,60],"tags":[100869],"acf":[],"_links":{"self":[{"href":"https:\/\/colimdo.org\/wp-api\/wp\/v2\/posts\/135177"}],"collection":[{"href":"https:\/\/colimdo.org\/wp-api\/wp\/v2\/posts"}],"about":[{"href":"https:\/\/colimdo.org\/wp-api\/wp\/v2\/types\/post"}],"author":[{"embeddable":true,"href":"https:\/\/colimdo.org\/wp-api\/wp\/v2\/users\/20"}],"replies":[{"embeddable":true,"href":"https:\/\/colimdo.org\/wp-api\/wp\/v2\/comments?post=135177"}],"version-history":[{"count":1,"href":"https:\/\/colimdo.org\/wp-api\/wp\/v2\/posts\/135177\/revisions"}],"predecessor-version":[{"id":135179,"href":"https:\/\/colimdo.org\/wp-api\/wp\/v2\/posts\/135177\/revisions\/135179"}],"wp:featuredmedia":[{"embeddable":true,"href":"https:\/\/colimdo.org\/wp-api\/wp\/v2\/media\/135178"}],"wp:attachment":[{"href":"https:\/\/colimdo.org\/wp-api\/wp\/v2\/media?parent=135177"}],"wp:term":[{"taxonomy":"category","embeddable":true,"href":"https:\/\/colimdo.org\/wp-api\/wp\/v2\/categories?post=135177"},{"taxonomy":"post_tag","embeddable":true,"href":"https:\/\/colimdo.org\/wp-api\/wp\/v2\/tags?post=135177"}],"curies":[{"name":"wp","href":"https:\/\/api.w.org\/{rel}","templated":true}]}}