{"id":135186,"date":"2025-12-09T16:53:46","date_gmt":"2025-12-09T16:53:46","guid":{"rendered":"https:\/\/colimdo.org\/?p=135186"},"modified":"2025-12-09T16:53:46","modified_gmt":"2025-12-09T16:53:46","slug":"directivos-de-abasaca-se-reunen-con-vicepresidenta-raquel-pena","status":"publish","type":"post","link":"https:\/\/colimdo.org\/noticias\/directivos-de-abasaca-se-reunen-con-vicepresidenta-raquel-pena\/","title":{"rendered":"Directivos de ABASACA se reunen con vicepresidenta Raquel Pe\u00f1a"},"content":{"rendered":"<p>SATIAGO.- La honorable vicepresidenta de la Rep\u00fablica, Raquel Pe\u00f1a, sostuvo un encuentro en su despacho con los ejecutivos de la Asociaci\u00f3n de Baloncesto de Santiago (ABASACA), representada por su presidente Jos\u00e9 Luis Aracena y su director ejecutivo Robinson Aracena, donde expres\u00f3 su satisfacci\u00f3n y reconocimiento por el extraordinario trabajo que viene realizando la instituci\u00f3n.<\/p>\n<p>Durante la reuni\u00f3n, la vicepresidenta destac\u00f3 el impacto positivo que ha tenido ABASACA en el fortalecimiento y crecimiento del baloncesto en la ciudad de Santiago, se\u00f1alando que la entidad ha logrado elevar esta disciplina a su m\u00e1s alto nivel, desarrollando programas, proyectos y eventos que abarcan desde las categor\u00edas infantiles hasta el nivel adulto.<\/p>\n<p>Asimismo, valor\u00f3 la dedicaci\u00f3n, transparencia y entrega con la que ABASACA ha venido trabajando en beneficio del deporte y de la juventud, resaltando que su gesti\u00f3n ha marcado un antes y un despu\u00e9s en la organizaci\u00f3n del baloncesto santiaguero. Exhort\u00f3 adem\u00e1s a sus ejecutivos a continuar trabajando con la misma visi\u00f3n, calidad y compromiso, tanto para la ciudad como para todo el pa\u00eds.<\/p>\n<p>En el encuentro, la vicepresidenta tambi\u00e9n motiv\u00f3 a la instituci\u00f3n a mantener el est\u00e1ndar de excelencia en la venidera versi\u00f3n 46 del Torneo de Baloncesto Superior de Santiago, pautado para iniciar el 21 de enero de 2026 en la Gran Arena del Cibao, considerado uno de los eventos deportivos m\u00e1s importantes de la naci\u00f3n.<\/p>\n<p>ABASACA agradeci\u00f3 la apertura, el respaldo y las palabras de est\u00edmulo por parte de la Vicepresidenta, reafirmando su compromiso de seguir impulsando iniciativas que contin\u00faen fortaleciendo el baloncesto y generando oportunidades para miles de j\u00f3venes de todos los sectores de la ciudad<\/p>\n","protected":false},"excerpt":{"rendered":"<p>SATIAGO.- La honorable vicepresidenta de la Rep\u00fablica, Raquel Pe\u00f1a, sostuvo un encuentro en su despacho con los ejecutivos de la Asociaci\u00f3n de Baloncesto de Santiago (ABASACA), representada por su presidente Jos\u00e9 Luis Aracena y su director ejecutivo Robinson Aracena, donde expres\u00f3 su satisfacci\u00f3n y reconocimiento por el extraordinario trabajo que viene realizando la instituci\u00f3n. Durante [&hellip;]<\/p>\n","protected":false},"author":20,"featured_media":135187,"comment_status":"closed","ping_status":"closed","sticky":false,"template":"","format":"standard","meta":[],"categories":[83143,2],"tags":[24795,100820],"acf":[],"_links":{"self":[{"href":"https:\/\/colimdo.org\/wp-api\/wp\/v2\/posts\/135186"}],"collection":[{"href":"https:\/\/colimdo.org\/wp-api\/wp\/v2\/posts"}],"about":[{"href":"https:\/\/colimdo.org\/wp-api\/wp\/v2\/types\/post"}],"author":[{"embeddable":true,"href":"https:\/\/colimdo.org\/wp-api\/wp\/v2\/users\/20"}],"replies":[{"embeddable":true,"href":"https:\/\/colimdo.org\/wp-api\/wp\/v2\/comments?post=135186"}],"version-history":[{"count":1,"href":"https:\/\/colimdo.org\/wp-api\/wp\/v2\/posts\/135186\/revisions"}],"predecessor-version":[{"id":135188,"href":"https:\/\/colimdo.org\/wp-api\/wp\/v2\/posts\/135186\/revisions\/135188"}],"wp:featuredmedia":[{"embeddable":true,"href":"https:\/\/colimdo.org\/wp-api\/wp\/v2\/media\/135187"}],"wp:attachment":[{"href":"https:\/\/colimdo.org\/wp-api\/wp\/v2\/media?parent=135186"}],"wp:term":[{"taxonomy":"category","embeddable":true,"href":"https:\/\/colimdo.org\/wp-api\/wp\/v2\/categories?post=135186"},{"taxonomy":"post_tag","embeddable":true,"href":"https:\/\/colimdo.org\/wp-api\/wp\/v2\/tags?post=135186"}],"curies":[{"name":"wp","href":"https:\/\/api.w.org\/{rel}","templated":true}]}}