{"id":135247,"date":"2025-12-12T04:15:55","date_gmt":"2025-12-12T04:15:55","guid":{"rendered":"https:\/\/colimdo.org\/?p=135247"},"modified":"2025-12-12T04:16:21","modified_gmt":"2025-12-12T04:16:21","slug":"plantilla-de-colombia-se-hizo-sentir-en-el-clasificatorio-de-pesas","status":"publish","type":"post","link":"https:\/\/colimdo.org\/noticias\/plantilla-de-colombia-se-hizo-sentir-en-el-clasificatorio-de-pesas\/","title":{"rendered":"Plantilla de Colombia se hizo sentir en el clasificatorio de pesas"},"content":{"rendered":"<p>SANTO DOMINGO. La plantilla de Colombia se hizo sentir en la pen\u00faltima jornada, ayer, del Campeonato Panamericano de Pesas, clasificatorio para los XXV Juegos Centroamericamericanos y del Caribe Santo Domingo 2026.<\/p>\n<p>En una fruct\u00edfera jornada, los pesistas colombianos se hicieron de seis medallas de oro y tres de plata, mientras que Venezuela se llev\u00f3 los restantes tres metales dorados que entregaron las tres categor\u00edas escenificadas.<\/p>\n<p>Marcos Bonilla cerr\u00f3 la cuarta fecha con las tres medallas de oro en 110 kilogramos. Bonilla complet\u00f3 una dominante jornada para Colombia que incluy\u00f3 adem\u00e1s tres oros en los 77 kilogramos femeninos por las alzadas de Mari S\u00e1nchez y Mar\u00eda Mena.<\/p>\n<p>Domin\u00f3 el arranque con 164 kilos, contra 163 del subcampe\u00f3n Josu\u00e9 Medina, de M\u00e9xico, y 162 del venezolano \u00c1ngel Luna, ganador del bronce.<\/p>\n<p>Bonilla y el venezolano Mauricio Loaiza hicieron la misma marca de 203 kilos, pero el campe\u00f3n se hizo con el oro al lograr su movimiento primero que el venezolano, quien se qued\u00f3 con la presea de plata y el bronce fue para Medina, con 199.<\/p>\n<p>En el total, Bonilla tuvo 367 kilos para su tercer oro, contra 364 de Loaiza y 362 de Medina.<\/p>\n<p>Las colombianas Mar\u00eda Mena y Mari S\u00e1nchez se repartieron las medallas de oro en la categor\u00eda de los 77 kilogramos, mientras que el venezolano Keydormar Vallenilla rein\u00f3 en los 96 kilos.<\/p>\n<p>El certamen, dedicado al licenciado Luis Mej\u00eda Oviedo, presidente de Centro Caribe Sports, se lleva a cabo en el Pabell\u00f3n de Halterofilia doctor Jos\u00e9 Joaqu\u00edn Puello, del Parque del Este.<\/p>\n<p>Mena se alz\u00f3 con los oros en arranque, con 115 kilos (r\u00e9cord del evento) y en total, con 252 kilos, as\u00ed como la plata en envi\u00f3n, con 137, mientras que S\u00e1nchez, con una alzada de 140 kilos, consigui\u00f3 el oro en envi\u00f3n, as\u00ed como las preseas de plata en arranque, con 108, y en total, con 248 kilos.<\/p>\n<p>Las preseas de bronce recayeron sobre la mexicana Aremi Fuentes Zavala, quien levant\u00f3 107 kilos en el arranque, 133 en envi\u00f3n, y 240 en total.<\/p>\n<p>La dominicana Daiana Serrano ocup\u00f3 el cuarto pelda\u00f1o en la divisi\u00f3n con 105 kilos en arranque, 131 en envi\u00f3n y 236 en total.<\/p>\n<p>En los 94 kilos masculinos, el venezolano Keydomar Vallenilla, medallista ol\u00edmpico de plata en Tokio 2020 en los 96 kilogramos, dio una gran demostaci\u00f3n de poder al conseguir las tres medallas de oro que otorg\u00f3 la divisi\u00f3n.<\/p>\n<p>En el arranque, Vallenilla firm\u00f3 una alzada de 170 kilos, mientras que en el envi\u00f3n complet\u00f3 212, y en el total, 382 kilogramos para coronarse campe\u00f3n absoluto de la especialidad.<\/p>\n<p>El mexicano Jonathan Ramos Chaires se colg\u00f3 la plata en envi\u00f3n, con 191 kilos, y en el total, con 341, mientras que su compatriota Antonio Govea Sandoval logr\u00f3 la plata en arranque, con 155 kilos, y el bronce en total, con 340 kilogramos. En tanto que el hondure\u00f1o Axel Pav\u00f3n Funes cosech\u00f3 el bronce del arranque, con 151 kilos levantados.<\/p>\n<p>El dominicano Daury Vargas Jeffers termin\u00f3 en el sexto pelda\u00f1o, con 176 en envi\u00f3n, y 313 en el total.<\/p>\n<p>El campeonato es el primer evento de prueba y el \u00fanico clasificatorio de los XXV Juegos Deportivos, Centroamericanos y del Caribe Santo Domingo 2026, pautados para celebrarse del 24 de julio al 8 de agosto en la capital dominicana.<\/p>\n<p>El evento tiene el respaldo del Comit\u00e9 Organizador de los Centroamericanos Santo Domingo 2026, el Gobierno de la Rep\u00fablica Dominicana, Ministerio de Deportes, CRESO, Consejo Nacional de Fronteras, Comit\u00e9 Ol\u00edmpico Dominicano, INEFI, Federaci\u00f3n Internacional de Halterofilia y la Federaci\u00f3n Panamericana de este deporte.<\/p>\n<p><strong>Jornada de este viernes<\/strong><\/p>\n<p>Con las competencias en tres categor\u00edas concluye este viernes el Campeonato Clasificatorio de Pesas, en el que tomar\u00e1n parte cuatro dominicanos.<\/p>\n<p>La medallista bronce en Tokio 2020, Crismery Santana, competir\u00e1 en +100 kilos, al igual que la veterana Ver\u00f3nica Salad\u00edn, mientras que Yudelina Mej\u00eda subir\u00e1 a la plataforma en los 86 kilos.<\/p>\n<p>En los 110 kilos, ver\u00e1 acci\u00f3n Ezequiel Germ\u00e1n Reyes.<\/p>\n","protected":false},"excerpt":{"rendered":"<p>SANTO DOMINGO. La plantilla de Colombia se hizo sentir en la pen\u00faltima jornada, ayer, del Campeonato Panamericano de Pesas, clasificatorio para los XXV Juegos Centroamericamericanos y del Caribe Santo Domingo 2026. En una fruct\u00edfera jornada, los pesistas colombianos se hicieron de seis medallas de oro y tres de plata, mientras que Venezuela se llev\u00f3 los [&hellip;]<\/p>\n","protected":false},"author":13,"featured_media":135248,"comment_status":"closed","ping_status":"closed","sticky":false,"template":"","format":"standard","meta":[],"categories":[3,2,60],"tags":[80322],"acf":[],"_links":{"self":[{"href":"https:\/\/colimdo.org\/wp-api\/wp\/v2\/posts\/135247"}],"collection":[{"href":"https:\/\/colimdo.org\/wp-api\/wp\/v2\/posts"}],"about":[{"href":"https:\/\/colimdo.org\/wp-api\/wp\/v2\/types\/post"}],"author":[{"embeddable":true,"href":"https:\/\/colimdo.org\/wp-api\/wp\/v2\/users\/13"}],"replies":[{"embeddable":true,"href":"https:\/\/colimdo.org\/wp-api\/wp\/v2\/comments?post=135247"}],"version-history":[{"count":1,"href":"https:\/\/colimdo.org\/wp-api\/wp\/v2\/posts\/135247\/revisions"}],"predecessor-version":[{"id":135249,"href":"https:\/\/colimdo.org\/wp-api\/wp\/v2\/posts\/135247\/revisions\/135249"}],"wp:featuredmedia":[{"embeddable":true,"href":"https:\/\/colimdo.org\/wp-api\/wp\/v2\/media\/135248"}],"wp:attachment":[{"href":"https:\/\/colimdo.org\/wp-api\/wp\/v2\/media?parent=135247"}],"wp:term":[{"taxonomy":"category","embeddable":true,"href":"https:\/\/colimdo.org\/wp-api\/wp\/v2\/categories?post=135247"},{"taxonomy":"post_tag","embeddable":true,"href":"https:\/\/colimdo.org\/wp-api\/wp\/v2\/tags?post=135247"}],"curies":[{"name":"wp","href":"https:\/\/api.w.org\/{rel}","templated":true}]}}