{"id":135262,"date":"2025-12-12T20:32:49","date_gmt":"2025-12-12T20:32:49","guid":{"rendered":"https:\/\/colimdo.org\/?p=135262"},"modified":"2025-12-12T20:32:49","modified_gmt":"2025-12-12T20:32:49","slug":"yudelina-ratifica-su-condicion-de-mundialista-en-clasificatorio-pesas","status":"publish","type":"post","link":"https:\/\/colimdo.org\/noticias\/yudelina-ratifica-su-condicion-de-mundialista-en-clasificatorio-pesas\/","title":{"rendered":"Yudelina ratifica su condici\u00f3n de mundialista en clasificatorio pesas"},"content":{"rendered":"<p><strong>SANTO DOMINGO<\/strong>. Yudelina Mej\u00eda ratific\u00f3 su condici\u00f3n de medallista mundialista al coronarse este viernes campeona absoluta de la divisi\u00f3n 86 kilos del Campeonato Clasificatorio Centroamericano y del Caribe de Pesas que se celebra en el Pabell\u00f3n de Halterofilia doctor Jos\u00e9 Joaqu\u00edn Puello del Parque del Este.<\/p>\n<p>Mej\u00eda se colg\u00f3 el oro en el arranque, con 118 kilogramos, as\u00ed como en el envi\u00f3n, con 149, y en el total, con 267 kilos.<\/p>\n<p>\u201cHa sido un camino dif\u00edcil, con mucho trabajo, ya que venimos del mundial, pero logramos el prop\u00f3sito, de llev\u00e1rmelo todo. Ahora seguir la preparaci\u00f3n para mantener el dominio\u201d, declar\u00f3 la pesista dominicana poco despu\u00e9s de la competencia.<\/p>\n<p>El campeonato, que tiene una dedicatoria a Luis Mej\u00eda Oviedo, presidente de Centro Caribe Sports, es el primer evento de prueba y el \u00fanico clasificatorio para los XXV Juegos Deportivos Centroamericanos y del Caribe Santo Domingo 2026, pautados para celebrarse del 24 de julio al 8 de agosto en la capital dominicana.<\/p>\n<p>La venezolana Dayana Chirinos Le\u00f3n se alz\u00f3 con los metales de plata en el envi\u00f3n, con 140 kilogramos, y el total, con 248, mientras que Yeinny Geles Moreno, de Colombia, se adjudic\u00f3 la plata en arranque, con 110 kilogramos, y sendas preseas de bronce en envi\u00f3n, con 135, y en total, con 245 kilogramos. La mexicana Emmy Gonz\u00e1lez consigui\u00f3 el bronce con una alzada de 109 kilogramos en el arranque.<\/p>\n<p>El evento tiene el respaldo del Comit\u00e9 Organizador de los Centroamericanos Santo Domingo 2026, el Gobierno de la Rep\u00fablica Dominicana, Ministerio de Deportes, CRESO, Consejo Nacional de Fronteras, Comit\u00e9 Ol\u00edmpico Dominicano, INEFI, Federaci\u00f3n Internacional de Halterofilia y la Federaci\u00f3n Panamericana de este deporte.<\/p>\n","protected":false},"excerpt":{"rendered":"<p>SANTO DOMINGO. Yudelina Mej\u00eda ratific\u00f3 su condici\u00f3n de medallista mundialista al coronarse este viernes campeona absoluta de la divisi\u00f3n 86 kilos del Campeonato Clasificatorio Centroamericano y del Caribe de Pesas que se celebra en el Pabell\u00f3n de Halterofilia doctor Jos\u00e9 Joaqu\u00edn Puello del Parque del Este. Mej\u00eda se colg\u00f3 el oro en el arranque, con [&hellip;]<\/p>\n","protected":false},"author":13,"featured_media":135263,"comment_status":"closed","ping_status":"closed","sticky":false,"template":"","format":"standard","meta":[],"categories":[3,2,60],"tags":[80322],"acf":[],"_links":{"self":[{"href":"https:\/\/colimdo.org\/wp-api\/wp\/v2\/posts\/135262"}],"collection":[{"href":"https:\/\/colimdo.org\/wp-api\/wp\/v2\/posts"}],"about":[{"href":"https:\/\/colimdo.org\/wp-api\/wp\/v2\/types\/post"}],"author":[{"embeddable":true,"href":"https:\/\/colimdo.org\/wp-api\/wp\/v2\/users\/13"}],"replies":[{"embeddable":true,"href":"https:\/\/colimdo.org\/wp-api\/wp\/v2\/comments?post=135262"}],"version-history":[{"count":1,"href":"https:\/\/colimdo.org\/wp-api\/wp\/v2\/posts\/135262\/revisions"}],"predecessor-version":[{"id":135264,"href":"https:\/\/colimdo.org\/wp-api\/wp\/v2\/posts\/135262\/revisions\/135264"}],"wp:featuredmedia":[{"embeddable":true,"href":"https:\/\/colimdo.org\/wp-api\/wp\/v2\/media\/135263"}],"wp:attachment":[{"href":"https:\/\/colimdo.org\/wp-api\/wp\/v2\/media?parent=135262"}],"wp:term":[{"taxonomy":"category","embeddable":true,"href":"https:\/\/colimdo.org\/wp-api\/wp\/v2\/categories?post=135262"},{"taxonomy":"post_tag","embeddable":true,"href":"https:\/\/colimdo.org\/wp-api\/wp\/v2\/tags?post=135262"}],"curies":[{"name":"wp","href":"https:\/\/api.w.org\/{rel}","templated":true}]}}