{"id":135319,"date":"2025-12-16T16:25:33","date_gmt":"2025-12-16T16:25:33","guid":{"rendered":"https:\/\/colimdo.org\/?p=135319"},"modified":"2025-12-16T16:25:33","modified_gmt":"2025-12-16T16:25:33","slug":"william-ozuna-resalta-exitos-alcanzados-en-centroamericano-de-pesas","status":"publish","type":"post","link":"https:\/\/colimdo.org\/noticias\/william-ozuna-resalta-exitos-alcanzados-en-centroamericano-de-pesas\/","title":{"rendered":"William Ozuna resalta \u00e9xitos alcanzados en centroamericano de pesas\u00a0"},"content":{"rendered":"<p>SANTO DOMINGO. La Federaci\u00f3n Dominicana de Pesas clausur\u00f3 el campeonato de mayores, que a juicio de su presidente Willian Ozuna, fue un acontecimiento sin precedentes en la historia de Centroam\u00e9rica y el Caribe.<\/p>\n<p>El certamen, celebrado del 6 al 13 en el Pabell\u00f3n Jos\u00e9 Joaqu\u00edn Puello del Parque del Este, fue el primer evento de prueba y \u00fanico clasificatorio para el torneo de pesas de los Juegos Centroamericanos y del Caribe Santo Domingo 2026, cuya fecha de celebraci\u00f3n ser\u00e1 del 24 de julio al 8 de agosto.<\/p>\n<p>Destac\u00f3 que la organizaci\u00f3n y el nivel de competencia estuvo a la altura de un campeonato mundial. Fue dedicado a Luisin Mej\u00eda, presidente de Centro Caribe Sport, y tuvo al licenciado Jos\u00e9 Antol\u00edn Polanco Rosa como presidente del Comit\u00e9 Organizador.<\/p>\n<p>Afirm\u00f3 que casi la totalidad de las selecciones cumplieron con las expectativas, sobre todo la anfitriona de Rep\u00fablica Dominicana, al encabezar y ganar, por primera vez en su historia, el torneo de la rama femenina a nivel de Centroam\u00e9rica y el Caribe.<\/p>\n<p>Ozuna afirm\u00f3 que la delegaci\u00f3n anfitriona cumpli\u00f3 con las expectativas, sobre todo las mujeres que aportaron nueve de las diez medallas de oro, ganadas por Dahiana Ortiz, Fransheska Mat\u00edas y Yudelina Mej\u00eda, respectivas campeonas absolutas en 48, 69 y 86 kilogramos.<\/p>\n<p>La otra presea dorada fue catalizada por Julio Cede\u00f1o, quien gan\u00f3 el arranque de los 77 kilogramos, adem\u00e1s de una medalla de plata en envi\u00f3n.<\/p>\n<p>&#8220;La delegaci\u00f3n cumpli\u00f3 en todas sus magnitudes&#8221;, recalc\u00f3 Ozuna, quien tambi\u00e9n eligi\u00f3 el esfuerzo log\u00edstico y el trabajo en equipo de la federaci\u00f3n, el Comit\u00e9 Organizador y la organizaci\u00f3n de los XXV Juegos Centroamericanos y del Caribe Santo Domingo 2026.<\/p>\n<p>&#8220;Montar un campeonato de este tipo es muy exigente, a pesar de ser un deporte de gente humilde, tuvimos un enorme respaldo de Jos\u00e9 Monegros y todo su equipo del Comit\u00e9 Organizador&#8221;. Monegro es el presidente del CO de los Centroamericanos del 2026.<\/p>\n<p>De cara al futuro, el dirigente federado declar\u00f3 que la prioridad absoluta es la preparaci\u00f3n de la delegaci\u00f3n que competir\u00e1 en los Juegos Centroamericanos del a\u00f1o pr\u00f3ximo.<\/p>\n<p>&#8220;Nuestra preparaci\u00f3n a los Juegos Centroamericanos es lo que sigue. Debemos concentrarnos en eso lo m\u00e1s r\u00e1pido posible, preferiblemente a mediados de enero pr\u00f3ximo para comenzar ese gran reto,&#8221;. Destac\u00f3 Ozuna que el reto es superar el desempe\u00f1o de su selecci\u00f3n en los pasados Juegos Centroamericanos y del Caribe.<\/p>\n<p>Adem\u00e1s de Mej\u00eda, Ortiz, Mat\u00edas y Cede\u00f1o, los otros dominicanos ganadores de medallas fueron Crismery Santana, con oro y dos plata; Alicia F\u00e9liz, tres de plata; Nathalia Novas y Ver\u00f3nica Salad\u00edn lograron plata y dos bronce, cada una; Ezequiel Germ\u00e1n, tres bronce y Francisco Tonton, un bronce.<\/p>\n<p>Para la selecci\u00f3n nacional la totalidad de sus medallas en la rama femenina fue de 10 de oro, siete de plata y cuatro de bronce, para un total de 21. Las dominicanas fueron escoltadas por Colombia (7-9-3) y Venezuela (5-8-2).<\/p>\n<p>Los varones finalizaron la justa en la quinta posici\u00f3n, con un oro, una plata y cuatro bronces. Colombia fue el campe\u00f3n en masculino con 18 preseas (10 oro, 4 platas y 4 bronces), seguida por Venezuela (9-6-2) y Cuba (3-1-4).<\/p>\n<p>El campeonato fue auspiciado por el Gobierno de la Rep\u00fablica Dominicana, Ministerio de Deportes, CRESO, INEFI, Comit\u00e9 Organizador de los centroamericanos del 2026, Centro Caribe Sport, Federaci\u00f3n Internacional de Pesas, Planeta Azul, Consejo Nacional de Fronteras, Comit\u00e9 Ol\u00edmpico Dominicano y la Federaci\u00f3n Panamericana de Pesas.<\/p>\n","protected":false},"excerpt":{"rendered":"<p>SANTO DOMINGO. La Federaci\u00f3n Dominicana de Pesas clausur\u00f3 el campeonato de mayores, que a juicio de su presidente Willian Ozuna, fue un acontecimiento sin precedentes en la historia de Centroam\u00e9rica y el Caribe. El certamen, celebrado del 6 al 13 en el Pabell\u00f3n Jos\u00e9 Joaqu\u00edn Puello del Parque del Este, fue el primer evento de [&hellip;]<\/p>\n","protected":false},"author":13,"featured_media":135320,"comment_status":"closed","ping_status":"closed","sticky":false,"template":"","format":"standard","meta":[],"categories":[3,2,60],"tags":[80322],"acf":[],"_links":{"self":[{"href":"https:\/\/colimdo.org\/wp-api\/wp\/v2\/posts\/135319"}],"collection":[{"href":"https:\/\/colimdo.org\/wp-api\/wp\/v2\/posts"}],"about":[{"href":"https:\/\/colimdo.org\/wp-api\/wp\/v2\/types\/post"}],"author":[{"embeddable":true,"href":"https:\/\/colimdo.org\/wp-api\/wp\/v2\/users\/13"}],"replies":[{"embeddable":true,"href":"https:\/\/colimdo.org\/wp-api\/wp\/v2\/comments?post=135319"}],"version-history":[{"count":1,"href":"https:\/\/colimdo.org\/wp-api\/wp\/v2\/posts\/135319\/revisions"}],"predecessor-version":[{"id":135321,"href":"https:\/\/colimdo.org\/wp-api\/wp\/v2\/posts\/135319\/revisions\/135321"}],"wp:featuredmedia":[{"embeddable":true,"href":"https:\/\/colimdo.org\/wp-api\/wp\/v2\/media\/135320"}],"wp:attachment":[{"href":"https:\/\/colimdo.org\/wp-api\/wp\/v2\/media?parent=135319"}],"wp:term":[{"taxonomy":"category","embeddable":true,"href":"https:\/\/colimdo.org\/wp-api\/wp\/v2\/categories?post=135319"},{"taxonomy":"post_tag","embeddable":true,"href":"https:\/\/colimdo.org\/wp-api\/wp\/v2\/tags?post=135319"}],"curies":[{"name":"wp","href":"https:\/\/api.w.org\/{rel}","templated":true}]}}