{"id":135476,"date":"2025-12-27T00:57:27","date_gmt":"2025-12-27T00:57:27","guid":{"rendered":"https:\/\/colimdo.org\/?p=135476"},"modified":"2025-12-27T00:57:27","modified_gmt":"2025-12-27T00:57:27","slug":"liga-jose-jimenez-cao-celebra-premiacion-atletas-sobresalientes","status":"publish","type":"post","link":"https:\/\/colimdo.org\/noticias\/liga-jose-jimenez-cao-celebra-premiacion-atletas-sobresalientes\/","title":{"rendered":"Liga Jos\u00e9 Jim\u00e9nez Cao celebra premiaci\u00f3n atletas sobresalientes"},"content":{"rendered":"<p>La Liga Jos\u00e9 Jim\u00e9nez Cao realiz\u00f3 su tradicional premiaci\u00f3n a los mejores atletas en la fiesta de fin de a\u00f1o, en la cual todos los ni\u00f1os disfrutaron de un gran d\u00eda lleno de premios sorpresas.<\/p>\n<p>En el discurso central, Jos\u00e9 Jim\u00e9nez, presidente de la liga, se dirigi\u00f3 a todos los ni\u00f1os y padres donde destac\u00f3 el amor a Dios y la educaci\u00f3n algo que es fundamental para estar en la instituci\u00f3n que encabeza.<\/p>\n<p>La misma se llev\u00f3 a cabo en la liga a\u00f1eja de San Francisco de Macor\u00eds donde todos los ni\u00f1os e invitados disfrutaron de un gran brindis adem\u00e1s de pizza, refrescos y golosinas.<\/p>\n<p>Entre los ni\u00f1os reconocidos estuvieron a Alan Santos l\u00edder en hit Junior Mart\u00ednez mejor defensor del a\u00f1o, Jeanse Garc\u00eda l\u00edder en doble y\u00a0 Albert Junior m\u00e1s destacado en \u00a0triples<\/p>\n<p>As\u00ed mismo recibieron distinciones\u00a0 Jes\u00fas Noeris Rojas Pitcher del a\u00f1o, \u00a0\u00a0Yan Acosta\u00a0 l\u00edder en ponches, Anderson Rodr\u00edguez fue premiado\u00a0 en cuadrangulares\u00a0 , Joseph Bueno jugador m\u00e1s pendiente al juego, \u00a0Ian Adri\u00e1n jugador de m\u00e1s proyecci\u00f3n y Junior Acevedo Jugar m\u00e1s disciplinado.<\/p>\n<p>La liga Jos\u00e9 Jim\u00e9nez Cao est\u00e1 presidida por Jos\u00e9 Jim\u00e9nez cari\u00f1osamente la Chiva \u00a0la cual fue fundada en el 2000 y que\u00a0 lleva 25 a\u00f1os dando educaci\u00f3n, \u00a0sana recreaci\u00f3n a los ni\u00f1os, \u00a0la misma cuenta con un cuerpo t\u00e9cnico de entrenadores como, Jonfy Fr\u00edas, Luis Ram\u00f3n Holgu\u00edn (El Mello) y\u00a0 Starlyn S\u00e1nchez.<\/p>\n<p>Jos\u00e9 Jim\u00e9nez agradeci\u00f3 a cada colaborador como Hanser Alberto el Potro del Jaya de Gigantes del Cibao, Leury Garc\u00eda el picante, Carlos Peguero el Bombardero del Jaya de Gigantes del Cibao.<\/p>\n<p>Tambi\u00e9n \u00a0al lanzador Yovanny Cruz \u00a0de Gigantes del Cibao, al comunicador periodista quien trabaja por a\u00f1os en Gigantes del Cibao Junior Matrille y la Madrina del equipo de la Liga Jos\u00e9 Jim\u00e9nez (Cao)\u00a0 Mayra Rodr\u00edguez.<\/p>\n","protected":false},"excerpt":{"rendered":"<p>La Liga Jos\u00e9 Jim\u00e9nez Cao realiz\u00f3 su tradicional premiaci\u00f3n a los mejores atletas en la fiesta de fin de a\u00f1o, en la cual todos los ni\u00f1os disfrutaron de un gran d\u00eda lleno de premios sorpresas. En el discurso central, Jos\u00e9 Jim\u00e9nez, presidente de la liga, se dirigi\u00f3 a todos los ni\u00f1os y padres donde destac\u00f3 [&hellip;]<\/p>\n","protected":false},"author":13,"featured_media":135477,"comment_status":"closed","ping_status":"closed","sticky":false,"template":"","format":"standard","meta":[],"categories":[2,4,60],"tags":[101076],"acf":[],"_links":{"self":[{"href":"https:\/\/colimdo.org\/wp-api\/wp\/v2\/posts\/135476"}],"collection":[{"href":"https:\/\/colimdo.org\/wp-api\/wp\/v2\/posts"}],"about":[{"href":"https:\/\/colimdo.org\/wp-api\/wp\/v2\/types\/post"}],"author":[{"embeddable":true,"href":"https:\/\/colimdo.org\/wp-api\/wp\/v2\/users\/13"}],"replies":[{"embeddable":true,"href":"https:\/\/colimdo.org\/wp-api\/wp\/v2\/comments?post=135476"}],"version-history":[{"count":1,"href":"https:\/\/colimdo.org\/wp-api\/wp\/v2\/posts\/135476\/revisions"}],"predecessor-version":[{"id":135478,"href":"https:\/\/colimdo.org\/wp-api\/wp\/v2\/posts\/135476\/revisions\/135478"}],"wp:featuredmedia":[{"embeddable":true,"href":"https:\/\/colimdo.org\/wp-api\/wp\/v2\/media\/135477"}],"wp:attachment":[{"href":"https:\/\/colimdo.org\/wp-api\/wp\/v2\/media?parent=135476"}],"wp:term":[{"taxonomy":"category","embeddable":true,"href":"https:\/\/colimdo.org\/wp-api\/wp\/v2\/categories?post=135476"},{"taxonomy":"post_tag","embeddable":true,"href":"https:\/\/colimdo.org\/wp-api\/wp\/v2\/tags?post=135476"}],"curies":[{"name":"wp","href":"https:\/\/api.w.org\/{rel}","templated":true}]}}