{"id":135741,"date":"2026-01-14T01:08:19","date_gmt":"2026-01-14T01:08:19","guid":{"rendered":"https:\/\/colimdo.org\/?p=135741"},"modified":"2026-01-14T01:08:19","modified_gmt":"2026-01-14T01:08:19","slug":"posesionan-nuevos-integrantes-confederacion-deportiva-ffaa-y-pn","status":"publish","type":"post","link":"https:\/\/colimdo.org\/noticias\/posesionan-nuevos-integrantes-confederacion-deportiva-ffaa-y-pn\/","title":{"rendered":"Posesionan nuevos integrantes Confederaci\u00f3n deportiva FFAA y PN\u00a0"},"content":{"rendered":"<p><strong>SANTO DOMINGO ESTE<\/strong>.-\u00a0Con la toma del juramento de rigor por el general de brigada Ra\u00fal Esteban Mora Hern\u00e1ndez, ERD, presidente del Consejo Directivo de la Confederaci\u00f3n Deportiva de las Fuerzas Armadas y la Polic\u00eda Nacional, se realiz\u00f3 el posicionamiento de los nuevos integrantes de este organismo.<\/p>\n<p>Con un llamado a que sean fieles guardianes de los estatuto de esta \u00a0instituci\u00f3n deportiva, el general Mora Hern\u00e1ndez,\u00a0 instalo el nuevo comit\u00e9 ejecutivo.<\/p>\n<p>El contralmirante Juan C\u00e1ndido Pe\u00f1a Ogando, ARD., fue instalado como Vice-Presidente de la Confederaci\u00f3n; el coronel paracaidista Luis D. Garc\u00eda Cordero, FARD., Secretario General y el coronel Yulis Gabriel Mercedes Reyes, PN., fungir\u00e1 como Tesorero.<\/p>\n<p>El consejo directivo tendr\u00e1 tambi\u00e9n cuatro vocales: el teniente coronel Juan Elpidio Vargas Vargas, ERD., el capit\u00e1n de Corbeta \u00c1ngel Antonio Quezada Rojas, ARD., \u00a0\u00a0\u00a0el coronel Abogado \u00a0Miguel \u00c1ngel Ramos Brito, FARD., y el mayor Wilson Cabrera Inoa, PN.<\/p>\n<p>El capit\u00e1n paracaidista Sim\u00f3n S. Lizardo Roa, FARD., encargado T\u00e9cnico y el primer teniente m\u00e9dico Silvano Gonell Alc\u00e1ntara, ERD., la primer teniente Mar\u00eda Altagracia Garc\u00eda C\u00e1ceres, ERD., encargada de protocolo, mientras que el asimilado militar periodista Julio Valdez, tendr\u00e1 bajo su responsabilidad la prensa y \u00a0medios de comunicaci\u00f3n.<\/p>\n<p>El consejo directivo de la Confederaci\u00f3n Deportiva de las Fuerzas Armadas y la Polic\u00eda Nacional estar\u00e1 al frente del organismo por un periodo de un a\u00f1o.<\/p>\n","protected":false},"excerpt":{"rendered":"<p>SANTO DOMINGO ESTE.-\u00a0Con la toma del juramento de rigor por el general de brigada Ra\u00fal Esteban Mora Hern\u00e1ndez, ERD, presidente del Consejo Directivo de la Confederaci\u00f3n Deportiva de las Fuerzas Armadas y la Polic\u00eda Nacional, se realiz\u00f3 el posicionamiento de los nuevos integrantes de este organismo. Con un llamado a que sean fieles guardianes de [&hellip;]<\/p>\n","protected":false},"author":13,"featured_media":135742,"comment_status":"closed","ping_status":"closed","sticky":false,"template":"","format":"standard","meta":[],"categories":[83143,2,60],"tags":[101095],"acf":[],"_links":{"self":[{"href":"https:\/\/colimdo.org\/wp-api\/wp\/v2\/posts\/135741"}],"collection":[{"href":"https:\/\/colimdo.org\/wp-api\/wp\/v2\/posts"}],"about":[{"href":"https:\/\/colimdo.org\/wp-api\/wp\/v2\/types\/post"}],"author":[{"embeddable":true,"href":"https:\/\/colimdo.org\/wp-api\/wp\/v2\/users\/13"}],"replies":[{"embeddable":true,"href":"https:\/\/colimdo.org\/wp-api\/wp\/v2\/comments?post=135741"}],"version-history":[{"count":1,"href":"https:\/\/colimdo.org\/wp-api\/wp\/v2\/posts\/135741\/revisions"}],"predecessor-version":[{"id":135743,"href":"https:\/\/colimdo.org\/wp-api\/wp\/v2\/posts\/135741\/revisions\/135743"}],"wp:featuredmedia":[{"embeddable":true,"href":"https:\/\/colimdo.org\/wp-api\/wp\/v2\/media\/135742"}],"wp:attachment":[{"href":"https:\/\/colimdo.org\/wp-api\/wp\/v2\/media?parent=135741"}],"wp:term":[{"taxonomy":"category","embeddable":true,"href":"https:\/\/colimdo.org\/wp-api\/wp\/v2\/categories?post=135741"},{"taxonomy":"post_tag","embeddable":true,"href":"https:\/\/colimdo.org\/wp-api\/wp\/v2\/tags?post=135741"}],"curies":[{"name":"wp","href":"https:\/\/api.w.org\/{rel}","templated":true}]}}