{"id":135748,"date":"2026-01-14T01:20:54","date_gmt":"2026-01-14T01:20:54","guid":{"rendered":"https:\/\/colimdo.org\/?p=135748"},"modified":"2026-01-14T01:21:40","modified_gmt":"2026-01-14T01:21:40","slug":"asociacion-de-motociclistas-de-ciclismo-busca-participar-en-la-vuelta","status":"publish","type":"post","link":"https:\/\/colimdo.org\/noticias\/asociacion-de-motociclistas-de-ciclismo-busca-participar-en-la-vuelta\/","title":{"rendered":"ASODOMOCI busca participar en la vuelta cicl\u00edstica Independencia"},"content":{"rendered":"<p>DISTRITO NACIONAL. La Asociaci\u00f3n de Motociclistas de Ciclismo (ASODOMOCI) visit\u00f3 este martes al presidente de la Federaci\u00f3n Dominicana de Ciclismo, Jorge Blas D\u00edaz Garc\u00eda, para ponerse a la disposici\u00f3n para trabajar en la pr\u00f3xima Vuelta Ciclista Internacional Independencia Nacional que se llevar\u00e1 a cabo en febrero pr\u00f3ximo.<\/p>\n<p>Frank Mej\u00eda, Prudencio Jim\u00e9nez y Mart\u00edn Olivo, directivos de la ASODOMOCI, conversaron efusivamente con D\u00edaz Garc\u00eda, quien les inform\u00f3 que la Vuelta Independencia 2026 ser\u00e1 calificada por la Uni\u00f3n Ciclista Internacional (UCI) y por lo tanto se le exigir\u00e1 mayor y mejor seguridad a la caravana.<\/p>\n<p>Sobre ese particular, el alto dirigente federado declar\u00f3 que para la ronda patri\u00f3tica, el comit\u00e9 organizador requerir\u00e1 y necesitar\u00e1 a los m\u00e1s experimentados motociclistas en el aspecto de se\u00f1alizaci\u00f3n y cuidado de los pedalistas actuantes.<\/p>\n<p>Jorge Blas D\u00edaz Garc\u00eda dijo que la UCI est\u00e1 m\u00e1s ocupada en el rengl\u00f3n seguridad, y para ello se necesita de motociclistas experimentados que conozcan el recorrido y sepan desempe\u00f1arse en todo el trayecto de cada etapa.<\/p>\n<p>En ese sentido, los representantes de ASODOMOCI les aseguraron a D\u00edaz Garc\u00eda que est\u00e1n en la disposici\u00f3n para que el magno evento se realice sin ning\u00fan tipo de inconvenientes y tropiezos.<\/p>\n<p>&nbsp;<\/p>\n<p>&nbsp;<\/p>\n<p>&nbsp;<\/p>\n","protected":false},"excerpt":{"rendered":"<p>DISTRITO NACIONAL. La Asociaci\u00f3n de Motociclistas de Ciclismo (ASODOMOCI) visit\u00f3 este martes al presidente de la Federaci\u00f3n Dominicana de Ciclismo, Jorge Blas D\u00edaz Garc\u00eda, para ponerse a la disposici\u00f3n para trabajar en la pr\u00f3xima Vuelta Ciclista Internacional Independencia Nacional que se llevar\u00e1 a cabo en febrero pr\u00f3ximo. Frank Mej\u00eda, Prudencio Jim\u00e9nez y Mart\u00edn Olivo, directivos [&hellip;]<\/p>\n","protected":false},"author":13,"featured_media":135749,"comment_status":"closed","ping_status":"closed","sticky":false,"template":"","format":"standard","meta":[],"categories":[83143,2,60],"tags":[101096],"acf":[],"_links":{"self":[{"href":"https:\/\/colimdo.org\/wp-api\/wp\/v2\/posts\/135748"}],"collection":[{"href":"https:\/\/colimdo.org\/wp-api\/wp\/v2\/posts"}],"about":[{"href":"https:\/\/colimdo.org\/wp-api\/wp\/v2\/types\/post"}],"author":[{"embeddable":true,"href":"https:\/\/colimdo.org\/wp-api\/wp\/v2\/users\/13"}],"replies":[{"embeddable":true,"href":"https:\/\/colimdo.org\/wp-api\/wp\/v2\/comments?post=135748"}],"version-history":[{"count":2,"href":"https:\/\/colimdo.org\/wp-api\/wp\/v2\/posts\/135748\/revisions"}],"predecessor-version":[{"id":135751,"href":"https:\/\/colimdo.org\/wp-api\/wp\/v2\/posts\/135748\/revisions\/135751"}],"wp:featuredmedia":[{"embeddable":true,"href":"https:\/\/colimdo.org\/wp-api\/wp\/v2\/media\/135749"}],"wp:attachment":[{"href":"https:\/\/colimdo.org\/wp-api\/wp\/v2\/media?parent=135748"}],"wp:term":[{"taxonomy":"category","embeddable":true,"href":"https:\/\/colimdo.org\/wp-api\/wp\/v2\/categories?post=135748"},{"taxonomy":"post_tag","embeddable":true,"href":"https:\/\/colimdo.org\/wp-api\/wp\/v2\/tags?post=135748"}],"curies":[{"name":"wp","href":"https:\/\/api.w.org\/{rel}","templated":true}]}}