{"id":135766,"date":"2026-01-14T14:27:17","date_gmt":"2026-01-14T14:27:17","guid":{"rendered":"https:\/\/colimdo.org\/?p=135766"},"modified":"2026-01-14T14:27:17","modified_gmt":"2026-01-14T14:27:17","slug":"cod-hara-misa-este-jueves-por-15-aniversario-fallecimiento-polon-munoz","status":"publish","type":"post","link":"https:\/\/colimdo.org\/noticias\/cod-hara-misa-este-jueves-por-15-aniversario-fallecimiento-polon-munoz\/","title":{"rendered":"COD har\u00e1 misa este jueves por 15 aniversario fallecimiento Pol\u00f3n Mu\u00f1oz"},"content":{"rendered":"<p>SANTO DOMINGO.- El Comit\u00e9 Ol\u00edmpico Dominicano (COD) celebrar\u00e1 este jueves 15 de enero una misa con motivo del 15 aniversario del fallecimiento del ingeniero Roque Napole\u00f3n Mu\u00f1oz (Pol\u00f3n).<\/p>\n<p>El oficio religioso tendr\u00e1 lugar a partir de las 6:00 de la tarde, en la parroquia San Antonio Mar\u00eda Claret, del ensanche Naco de esta capital.<\/p>\n<p>El COD y la familia Mu\u00f1oz Pe\u00f1a est\u00e1n convocando a los dirigentes deportivos, entrenadores, atletas y deportistas en general, a asistir a la eucarist\u00eda para recordar al connotado dirigente, fallecido el 15 de enero de 2011.<\/p>\n<p>El COD ha enviado una circular para convocar a todos los miembros del comit\u00e9 ejecutivo de ese organismo, as\u00ed como a todas las Federaciones Deportivas Nacionales, as\u00ed como a dirigentes deportivos, amigos y relacionados.<\/p>\n<p>Pol\u00f3n Mu\u00f1oz fue presidente del Comit\u00e9 Ol\u00edmpico Dominicano y miembro del Comit\u00e9 Ol\u00edmpico Internacional. Form\u00f3 parte del Comit\u00e9 Ejecutivo de la Organizaci\u00f3n Deportiva Panamericana (ODEPA) y tambi\u00e9n de la Organizaci\u00f3n Deportiva Centroamericana y del Caribe (ODECABE), entre otras organizaciones deportivas de diferentes niveles.<\/p>\n<p>Fue exaltado al Pabell\u00f3n de la Fama del Deporte Dominicano en el ceremonial de 1965 como propulsor.<\/p>\n<p>Una nota de la Oficina de Prensa del Comit\u00e9 Ol\u00edmpico Dominicano informa que el culto a la memoria y honor del prestigioso dirigente asistir\u00e1n los dirigentes de ese organismo, al tiempo que se ha cursado una invitaci\u00f3n a los dirigentes de las asociaciones, clubes y ligas, atletas, as\u00ed como de las Uniones Deportivas y deportistas en general.<\/p>\n<p>Tambi\u00e9n se espera la presencia de familiares y amigos, al igual que miembros de la congregaci\u00f3n de la Parroquia San Antonio Mar\u00eda Claret, a la que pertenec\u00eda el reputado dirigente ol\u00edmpico.<\/p>\n<p>Pol\u00f3n Mu\u00f1oz fue un gran propulsor deportivo, especialmente del arte y la cultura.<\/p>\n<p>Durante toda su vida tambi\u00e9n llev\u00f3 a cabo una amplia cruzada a favor de la educaci\u00f3n f\u00edsica escolar, siendo uno de los principales protagonistas de la creaci\u00f3n, mediante ley, del Instituto Nacional de Educaci\u00f3n F\u00edsica Escolar (Inefi).<\/p>\n<p>&nbsp;<\/p>\n<p>&nbsp;<\/p>\n","protected":false},"excerpt":{"rendered":"<p>SANTO DOMINGO.- El Comit\u00e9 Ol\u00edmpico Dominicano (COD) celebrar\u00e1 este jueves 15 de enero una misa con motivo del 15 aniversario del fallecimiento del ingeniero Roque Napole\u00f3n Mu\u00f1oz (Pol\u00f3n). El oficio religioso tendr\u00e1 lugar a partir de las 6:00 de la tarde, en la parroquia San Antonio Mar\u00eda Claret, del ensanche Naco de esta capital. El [&hellip;]<\/p>\n","protected":false},"author":13,"featured_media":135767,"comment_status":"closed","ping_status":"closed","sticky":false,"template":"","format":"standard","meta":[],"categories":[39879,2,60],"tags":[79],"acf":[],"_links":{"self":[{"href":"https:\/\/colimdo.org\/wp-api\/wp\/v2\/posts\/135766"}],"collection":[{"href":"https:\/\/colimdo.org\/wp-api\/wp\/v2\/posts"}],"about":[{"href":"https:\/\/colimdo.org\/wp-api\/wp\/v2\/types\/post"}],"author":[{"embeddable":true,"href":"https:\/\/colimdo.org\/wp-api\/wp\/v2\/users\/13"}],"replies":[{"embeddable":true,"href":"https:\/\/colimdo.org\/wp-api\/wp\/v2\/comments?post=135766"}],"version-history":[{"count":1,"href":"https:\/\/colimdo.org\/wp-api\/wp\/v2\/posts\/135766\/revisions"}],"predecessor-version":[{"id":135768,"href":"https:\/\/colimdo.org\/wp-api\/wp\/v2\/posts\/135766\/revisions\/135768"}],"wp:featuredmedia":[{"embeddable":true,"href":"https:\/\/colimdo.org\/wp-api\/wp\/v2\/media\/135767"}],"wp:attachment":[{"href":"https:\/\/colimdo.org\/wp-api\/wp\/v2\/media?parent=135766"}],"wp:term":[{"taxonomy":"category","embeddable":true,"href":"https:\/\/colimdo.org\/wp-api\/wp\/v2\/categories?post=135766"},{"taxonomy":"post_tag","embeddable":true,"href":"https:\/\/colimdo.org\/wp-api\/wp\/v2\/tags?post=135766"}],"curies":[{"name":"wp","href":"https:\/\/api.w.org\/{rel}","templated":true}]}}