{"id":135793,"date":"2026-01-15T15:40:45","date_gmt":"2026-01-15T15:40:45","guid":{"rendered":"https:\/\/colimdo.org\/?p=135793"},"modified":"2026-01-15T15:40:45","modified_gmt":"2026-01-15T15:40:45","slug":"puerto-plata-celebrara-v-edicion-festival-deportivo-comunitario","status":"publish","type":"post","link":"https:\/\/colimdo.org\/noticias\/puerto-plata-celebrara-v-edicion-festival-deportivo-comunitario\/","title":{"rendered":"Puerto Plata celebrar\u00e1 V edici\u00f3n Festival Deportivo Comunitario\u2002\u2002\u2002"},"content":{"rendered":"<p>Puerto Plata: La quinta edici\u00f3n del Festival Deportivo Comunitario se celebrar\u00e1 este viernes y s\u00e1bado en Puerto Plata con la participaci\u00f3n de destacadas figuras del deporte, incluyendo peloteros de Grandes Ligas y jugadoras de la selecci\u00f3n nacional de voleibol \u00abLas Reinas del Caribe\u00bb, junto a m\u00e1s de 500 ni\u00f1os de diferentes ligas.<\/p>\n<p>En un emotivo acto, se rendir\u00e1 homenaje p\u00f3stumo al exlanzador Octavio Dotel, figura que siempre apoy\u00f3 el evento.<\/p>\n<p>El evento, organizado por la Puerto Plata Internacional Sports Foundation y presidido por el ingeniero Felipe \u00abChito\u00bb Polo, se desarrollar\u00e1 en el techado Fabio Rafael Gonz\u00e1lez, el Parque de B\u00e9isbol Jos\u00e9 Brice\u00f1o y el Tenis Club. Este a\u00f1o, el festival tiene como lema \u201cel deporte une, transforma y crea oportunidades\u201d, gracias a una sinergia con la Asociaci\u00f3n de Dirigentes y Entrenadores de Puerto Plata, liderada por Roberto S\u00e1nchez (Lolo).<\/p>\n<p>Entre los peloteros profesionales confirmados para dar cl\u00ednicas a los ni\u00f1os se encuentran Nelson Cruz, Teoscar Hern\u00e1ndez, el boricua Rub\u00e9n Sierra, Jean Segura, Bartolo Col\u00f3n, F\u00e9lix Jos\u00e9, Daniel Cabrera, Jhoel Peralta, Juli\u00e1n Tav\u00e1rez y Leury Garc\u00eda.<\/p>\n<p>Adem\u00e1s de Marlene Fersola, la puertoplate\u00f1a Lisvel Eve-Mej\u00eda (La China) y Annerys Vald\u00e9z, participar\u00e1n varias atletas del equipo nacional de voleibol femenino conocido popularmente como \u201cLas Reinas del Caribe\u201d.<\/p>\n<p>Durante el festival, se llevar\u00e1 a cabo un partido de softbol femenino entre un equipo del Departamento de Polic\u00eda de Nueva York (NYPD) y la selecci\u00f3n de Puerto Plata \u201cSexys Girls\u201d en el pley del Tenis Club. En el techado Fabio Rafael Gonz\u00e1lez, un seleccionado de voleibol local se enfrentar\u00e1 a \u201cLas Sirenas de Punta Cana\u201d.<\/p>\n<p>Como parte de las actividades, ni\u00f1os de las ligas participantes realizar\u00e1n una jornada de limpieza de playas, coordinada por la Fundaci\u00f3n Oc\u00e9ano Limpio (FOL). En honor a Oscar Taveras, se entregar\u00e1 el premio Dominican Prospect League (DPL) al pelotero puertoplate\u00f1o m\u00e1s destacado del a\u00f1o en las ligas menores, reconocimiento que recibir\u00e1 el lanzador nativo de Sos\u00faa, Liomer Mart\u00ednez.<\/p>\n<p>Finalmente, se reconocer\u00e1 a deportistas que han enaltecido el nombre de Puerto Plata, incluyendo a la exvoleibolista e inmortal del deporte Mirian Garc\u00eda, y a los peloteros Carlos Paulino y Edgar Santana.<\/p>\n<p>&nbsp;<\/p>\n<p>&nbsp;<\/p>\n","protected":false},"excerpt":{"rendered":"<p>Puerto Plata: La quinta edici\u00f3n del Festival Deportivo Comunitario se celebrar\u00e1 este viernes y s\u00e1bado en Puerto Plata con la participaci\u00f3n de destacadas figuras del deporte, incluyendo peloteros de Grandes Ligas y jugadoras de la selecci\u00f3n nacional de voleibol \u00abLas Reinas del Caribe\u00bb, junto a m\u00e1s de 500 ni\u00f1os de diferentes ligas. En un emotivo [&hellip;]<\/p>\n","protected":false},"author":13,"featured_media":135794,"comment_status":"closed","ping_status":"closed","sticky":false,"template":"","format":"standard","meta":[],"categories":[2,4,60],"tags":[101099],"acf":[],"_links":{"self":[{"href":"https:\/\/colimdo.org\/wp-api\/wp\/v2\/posts\/135793"}],"collection":[{"href":"https:\/\/colimdo.org\/wp-api\/wp\/v2\/posts"}],"about":[{"href":"https:\/\/colimdo.org\/wp-api\/wp\/v2\/types\/post"}],"author":[{"embeddable":true,"href":"https:\/\/colimdo.org\/wp-api\/wp\/v2\/users\/13"}],"replies":[{"embeddable":true,"href":"https:\/\/colimdo.org\/wp-api\/wp\/v2\/comments?post=135793"}],"version-history":[{"count":1,"href":"https:\/\/colimdo.org\/wp-api\/wp\/v2\/posts\/135793\/revisions"}],"predecessor-version":[{"id":135795,"href":"https:\/\/colimdo.org\/wp-api\/wp\/v2\/posts\/135793\/revisions\/135795"}],"wp:featuredmedia":[{"embeddable":true,"href":"https:\/\/colimdo.org\/wp-api\/wp\/v2\/media\/135794"}],"wp:attachment":[{"href":"https:\/\/colimdo.org\/wp-api\/wp\/v2\/media?parent=135793"}],"wp:term":[{"taxonomy":"category","embeddable":true,"href":"https:\/\/colimdo.org\/wp-api\/wp\/v2\/categories?post=135793"},{"taxonomy":"post_tag","embeddable":true,"href":"https:\/\/colimdo.org\/wp-api\/wp\/v2\/tags?post=135793"}],"curies":[{"name":"wp","href":"https:\/\/api.w.org\/{rel}","templated":true}]}}