{"id":136048,"date":"2026-01-30T16:43:25","date_gmt":"2026-01-30T16:43:25","guid":{"rendered":"https:\/\/colimdo.org\/?p=136048"},"modified":"2026-01-30T16:44:44","modified_gmt":"2026-01-30T16:44:44","slug":"la-udemon-realizo-ceremonial-al-merito-deportivo-2025","status":"publish","type":"post","link":"https:\/\/colimdo.org\/noticias\/la-udemon-realizo-ceremonial-al-merito-deportivo-2025\/","title":{"rendered":"La UDEMON realiz\u00f3 ceremonial al M\u00e9rito Deportivo 2025"},"content":{"rendered":"<p>https:\/\/www.youtube.com\/live\/mYtCqrIDSKM?si=KkVRtB1nKaiXatu4<\/p>\n<p>ENLACE VIDEO<\/p>\n<p>&nbsp;<\/p>\n<p>SANTO DOMINGO. Liz Jeuri Acosta, de lucha, y Yaneirys Rodr\u00edguez, de voleibol, fueron galardonados con el premio Atleta del A\u00f1o en el ceremonial que celebr\u00f3 la Uni\u00f3n Deportiva de la provincia Monse\u00f1or Nouel (UDEMON) en el auditorio de Bellas Artes de esa ciudad.<\/p>\n<p>El acto de premiaci\u00f3n al M\u00e9rito Deportivo 2025, de Monse\u00f1or Nouel, tambi\u00e9n escogi\u00f3 a la Asociaci\u00f3n de Judo de esa provincia como la m\u00e1s destacada, as\u00ed como al presidente de la Federaci\u00f3n Dominicana de Remo y Canotaje, V\u00edctor Tejeda como dirigente del a\u00f1o, en tanto que Ram\u00f3n Egalite, de voleibol, como el entrenador m\u00e1s destacado, y el beisbolista de Grandes Ligas Teoscar Hern\u00e1ndez recibi\u00f3 el reconocimiento internacional.<\/p>\n<p>Adem\u00e1s, la UDEMON entreg\u00f3 un reconocimiento al equipo Mineros de Bonao, campe\u00f3n de la Liga de Verano de B\u00e9isbol Profesional 2025, por su destacado desempe\u00f1o.<\/p>\n<p>El ceremonial marc\u00f3 el retorno oficial de la Gala Deportiva Provincial, luego de 13 a\u00f1os sin celebrarse, constituy\u00e9ndose como un hito para la reactivaci\u00f3n y fortalecimiento del movimiento deportivo en la provincia Monse\u00f1or Nouel.<\/p>\n<p>Roberto Gerez, presidente de la UDEMON, junto a los dem\u00e1s miembros del comit\u00e9 ejecutivo de la entidad deportiva, destac\u00f3 la importancia de rescatar esta tradici\u00f3n como una pol\u00edtica permanente de reconocimiento al m\u00e9rito deportivo, as\u00ed como el valor del trabajo conjunto entre asociaciones, federaciones, autoridades y comunidad.<\/p>\n<p>\u201cHa sido un esfuerzo en conjunto para resaltar el trabajo de los atletas de nuestra provincia. Un agradecimiento especial a las autoridades y empresarios que han hecho posible llevar a cabo esta premiaci\u00f3n\u201d, se\u00f1al\u00f3 Gerez.<\/p>\n<p><strong>Otros reconocimientos<\/strong><\/p>\n<p>Como parte del programa de la premiaci\u00f3n, los directivos de la UDEMON entregaron pergaminos de reconocimiento a varias personalidades.<\/p>\n<p>Entre los homenajeados estuvieron el periodista Jes\u00fas Leonardo Reyes, por trayectoria y difusi\u00f3n al deporte aficionado, as\u00ed como al doctor Eberto N\u00fa\u00f1ez, alcalde de Bonao; al licenciado Willy Antonio C\u00e9spedes, director del Ayuntamiento de Jayaco, y el se\u00f1or Luis Castillo, presidente de la empresa Cerimas, por su apoyo constante y desinteresado al deporte.<\/p>\n<p>Entre los invitados especiales estuvieron William Hern\u00e1ndez, presidente de la Federaci\u00f3n de Uniones Deportivas; Gilberto Garc\u00eda, presidente de la Federaci\u00f3n Dominicana de Judo; \u2060Alexis Peguero, presidente de la Federaci\u00f3n Dominicana de Atletismo, Santa Milagros, fiscal adjunta del Distrito Judicial de la Provincia Monse\u00f1or Nouel; Fernando Tiburcio, presidente de Uni\u00f3n Deportiva de la provincia Hermanas Mirabal; Francisco Peguero, presidente de la Uni\u00f3n Deportiva de La Vega; Enmanuel Garc\u00eda Musa, tesorero de la Fedojudo.<\/p>\n<p>El ceremonial al M\u00e9rito Deportivo 2025 de la provincia Monse\u00f1or Nouel entreg\u00f3 estatuillas a cada uno de los atletas que brillaron en deportes como ajedrez, f\u00fatbol, karate, rugby, lucha ol\u00edmpica, boxeo, tenis de campo, domin\u00f3, atletismo, judo, b\u00e9isbol, voleibol, remo, canotaje, baloncesto, golf s\u00f3ftbol, taekwondo y wushu, valorando el desempe\u00f1o en eventos provinciales, regionales, nacionales e internacionales.<\/p>\n<p>&nbsp;<\/p>\n<p><strong>\u00a0<\/strong><\/p>\n<p>&nbsp;<\/p>\n","protected":false},"excerpt":{"rendered":"<p>https:\/\/www.youtube.com\/live\/mYtCqrIDSKM?si=KkVRtB1nKaiXatu4 ENLACE VIDEO &nbsp; SANTO DOMINGO. Liz Jeuri Acosta, de lucha, y Yaneirys Rodr\u00edguez, de voleibol, fueron galardonados con el premio Atleta del A\u00f1o en el ceremonial que celebr\u00f3 la Uni\u00f3n Deportiva de la provincia Monse\u00f1or Nouel (UDEMON) en el auditorio de Bellas Artes de esa ciudad. El acto de premiaci\u00f3n al M\u00e9rito Deportivo 2025, [&hellip;]<\/p>\n","protected":false},"author":13,"featured_media":136049,"comment_status":"closed","ping_status":"closed","sticky":false,"template":"","format":"standard","meta":[],"categories":[2,4,60],"tags":[101111],"acf":[],"_links":{"self":[{"href":"https:\/\/colimdo.org\/wp-api\/wp\/v2\/posts\/136048"}],"collection":[{"href":"https:\/\/colimdo.org\/wp-api\/wp\/v2\/posts"}],"about":[{"href":"https:\/\/colimdo.org\/wp-api\/wp\/v2\/types\/post"}],"author":[{"embeddable":true,"href":"https:\/\/colimdo.org\/wp-api\/wp\/v2\/users\/13"}],"replies":[{"embeddable":true,"href":"https:\/\/colimdo.org\/wp-api\/wp\/v2\/comments?post=136048"}],"version-history":[{"count":2,"href":"https:\/\/colimdo.org\/wp-api\/wp\/v2\/posts\/136048\/revisions"}],"predecessor-version":[{"id":136051,"href":"https:\/\/colimdo.org\/wp-api\/wp\/v2\/posts\/136048\/revisions\/136051"}],"wp:featuredmedia":[{"embeddable":true,"href":"https:\/\/colimdo.org\/wp-api\/wp\/v2\/media\/136049"}],"wp:attachment":[{"href":"https:\/\/colimdo.org\/wp-api\/wp\/v2\/media?parent=136048"}],"wp:term":[{"taxonomy":"category","embeddable":true,"href":"https:\/\/colimdo.org\/wp-api\/wp\/v2\/categories?post=136048"},{"taxonomy":"post_tag","embeddable":true,"href":"https:\/\/colimdo.org\/wp-api\/wp\/v2\/tags?post=136048"}],"curies":[{"name":"wp","href":"https:\/\/api.w.org\/{rel}","templated":true}]}}