{"id":136086,"date":"2026-02-02T17:08:09","date_gmt":"2026-02-02T17:08:09","guid":{"rendered":"https:\/\/colimdo.org\/?p=136086"},"modified":"2026-02-02T17:08:09","modified_gmt":"2026-02-02T17:08:09","slug":"grupo-rica-dedica-xv-torneo-de-beisbol-rbi-a-nelson-cruz","status":"publish","type":"post","link":"https:\/\/colimdo.org\/noticias\/grupo-rica-dedica-xv-torneo-de-beisbol-rbi-a-nelson-cruz\/","title":{"rendered":"Grupo Rica dedica XV Torneo de B\u00e9isbol RBI a Nelson Cruz"},"content":{"rendered":"<p>SANTO DOMINGO-. El b\u00e9isbol de la RBI Fundaci\u00f3n Rica de Villa Altagracia mantendr\u00e1 su alto est\u00e1ndar con la dedicatoria de la XV versi\u00f3n al astro en retiro y actual gerente general del equipo de la Rep\u00fablica Dominicana para el Cl\u00e1sico Mundial de B\u00e9isbol 2026, el caballeroso Nelson Cruz.<\/p>\n<p>As\u00ed qued\u00f3 establecido al aceptor Cruz, de muy buen grado, la carta contentiva del homenaje entregada en sus manos por el director de Negocios Internacionales del Grupo Rica, Braulio Brache \u00c1lvarez; y el director ejecutivo de Fundaci\u00f3n Rica, Wenceslao Soto, durante un encuentro con la prensa la pasada semana en el s\u00e9ptimo cielo del Estadio Quisqueya Juan Marichal.<\/p>\n<p>La apertura del evento est\u00e1 pautada para el s\u00e1bado 21 de marzo en el legendario estadio capitalino del Ensanche la Fe.<\/p>\n<p>\u201cNos complace informarle que usted ha sido la persona seleccionada para dedicarle el XV torneo por sus m\u00e9ritos, trayectoria profesional y deportiva, lo que le ha convertido en un ejemplo a nivel nacional e internacional, apegado a los principios y valores que les adornan\u201d, pondera de Cruz la carta le\u00edda por Soto.<\/p>\n<p>\u201cEs un gran honor, un gran placer poder rendir homenaje a una figura como la de Nelson Cruz con este 15vo Torneo RBI\u201d, agreg\u00f3 Braulio Brache, asesor de Deportes de Fundaci\u00f3n Rica, quien agreg\u00f3 que el ex pelotero tuvo una carrera pr\u00e1cticamente de Sal\u00f3n de la Fama, que es una persona de gran comportamiento, por cuanto, se siente muy contento y orgulloso de que Cruz acept\u00f3 la dedicatoria.<\/p>\n<p><strong>Reacci\u00f3n de Nelson Cruz<\/strong><\/p>\n<p>\u201cPara m\u00ed es un verdadero honor, porque hablar de Rica en nuestro pa\u00eds es sin\u00f3nimo de dominicanidad. La marca Rica nos representa no solo en el pa\u00eds sino tambi\u00e9n fuera\u201d, manifest\u00f3 el retirado toletero.<\/p>\n<p>\u201cMe llena de mucha satisfacci\u00f3n que una empresa como el Grupo Rica me haya seleccionado para dedicarme este bonito evento\u201d, agreg\u00f3 Cruz, quien acot\u00f3 que ha estado en un sinn\u00famero de eventos del RBI en el pa\u00eds y sabe los buenos frutos que deja este programa, por cuanto, \u201cincentivamos a los ni\u00f1os y j\u00f3venes a practicar deportes, que es de lo que se trata\u201d.<\/p>\n<p>\u201cMuch\u00edsimas gracias. Lo tomo con mucho honor y humildad y que Dios les bendiga a todos\u201d, finaliz\u00f3. Antes pidi\u00f3 a Braulio Brache y Wenceslao Soto trasladar su agradecimiento al licenciado Julio Virgilio Brache \u00c1lvarez, presidente de Fundaci\u00f3n Rica.<\/p>\n<p>La versi\u00f3n del a\u00f1o pasado fue dedicada al inmortal del Sal\u00f3n de la Fama de Cooperstown, Vladimir Guerrero; y previamente se hab\u00eda brindado tal honor al primer dominicano en lograr tal galard\u00f3n, don Juan Marichal, por lo que con Cruz se mantiene la trayectoria de dedicar el certamen a grandes luminarias del deporte.<\/p>\n<p>A Cruz y ejecutivos les acompa\u00f1aron el lanzador Grandes Ligas Camilo Doval (New York Yankees); el presidente de la Federaci\u00f3n Dominicana de B\u00e9isbol, Juan N\u00fa\u00f1ez; el editor deportivo de vespertino El Nacional, periodista Leo Corpor\u00e1n; y el ejecutivo de las Estrellas Orientales de la pelota invernal, Pavel Aguil\u00f3.<\/p>\n<p>En el acto tambi\u00e9n intervino Juan N\u00fa\u00f1ez, quien ponder\u00f3 el hecho de que una empresa \u00edcono de la Rep\u00fablica Dominicana, rinda homenaje a un \u00edcono del b\u00e9isbol nacional e internacional como Cruz, exitoso dentro como fuera del terreno.<\/p>\n<p>Soto hizo un breve historial del Torneo RBI de Villa Altagracia, en coordinaci\u00f3n con la oficina de Major League Baseball (MLB), y record\u00f3 que en cada versi\u00f3n intervienen 220 jugadores repartidos en 12 equipos en edades de 12-13, 14-15 y 16-18 a\u00f1os. Cada torneo tiene una duraci\u00f3n mayor a los cuatro meses, como parte de los aportes que en varios \u00e1mbitos ofrece el Grupo Rica a todo el municipio con sus comunidades.<\/p>\n","protected":false},"excerpt":{"rendered":"<p>SANTO DOMINGO-. El b\u00e9isbol de la RBI Fundaci\u00f3n Rica de Villa Altagracia mantendr\u00e1 su alto est\u00e1ndar con la dedicatoria de la XV versi\u00f3n al astro en retiro y actual gerente general del equipo de la Rep\u00fablica Dominicana para el Cl\u00e1sico Mundial de B\u00e9isbol 2026, el caballeroso Nelson Cruz. As\u00ed qued\u00f3 establecido al aceptor Cruz, de [&hellip;]<\/p>\n","protected":false},"author":13,"featured_media":136087,"comment_status":"closed","ping_status":"closed","sticky":false,"template":"","format":"standard","meta":[],"categories":[2,4,60],"tags":[101115],"acf":[],"_links":{"self":[{"href":"https:\/\/colimdo.org\/wp-api\/wp\/v2\/posts\/136086"}],"collection":[{"href":"https:\/\/colimdo.org\/wp-api\/wp\/v2\/posts"}],"about":[{"href":"https:\/\/colimdo.org\/wp-api\/wp\/v2\/types\/post"}],"author":[{"embeddable":true,"href":"https:\/\/colimdo.org\/wp-api\/wp\/v2\/users\/13"}],"replies":[{"embeddable":true,"href":"https:\/\/colimdo.org\/wp-api\/wp\/v2\/comments?post=136086"}],"version-history":[{"count":1,"href":"https:\/\/colimdo.org\/wp-api\/wp\/v2\/posts\/136086\/revisions"}],"predecessor-version":[{"id":136088,"href":"https:\/\/colimdo.org\/wp-api\/wp\/v2\/posts\/136086\/revisions\/136088"}],"wp:featuredmedia":[{"embeddable":true,"href":"https:\/\/colimdo.org\/wp-api\/wp\/v2\/media\/136087"}],"wp:attachment":[{"href":"https:\/\/colimdo.org\/wp-api\/wp\/v2\/media?parent=136086"}],"wp:term":[{"taxonomy":"category","embeddable":true,"href":"https:\/\/colimdo.org\/wp-api\/wp\/v2\/categories?post=136086"},{"taxonomy":"post_tag","embeddable":true,"href":"https:\/\/colimdo.org\/wp-api\/wp\/v2\/tags?post=136086"}],"curies":[{"name":"wp","href":"https:\/\/api.w.org\/{rel}","templated":true}]}}