{"id":136228,"date":"2026-02-09T16:19:44","date_gmt":"2026-02-09T16:19:44","guid":{"rendered":"https:\/\/colimdo.org\/?p=136228"},"modified":"2026-02-09T16:19:44","modified_gmt":"2026-02-09T16:19:44","slug":"afecavol-entrega-pergamino-de-oro-a-cristobal-marte","status":"publish","type":"post","link":"https:\/\/colimdo.org\/noticias\/afecavol-entrega-pergamino-de-oro-a-cristobal-marte\/","title":{"rendered":"AFECAVOL entrega \u201cPergamino de Oro\u201d a Crist\u00f3bal Marte"},"content":{"rendered":"<p>CIUDAD DE GUATEMALA. La Asociaci\u00f3n de Federaciones Centroamericanas de Voleibol (AFECAVOL) cre\u00f3 el Galard\u00f3n \u201cPergamino de Oro Marta Centeno de Sajch\u00e9\u201d durante la Asamblea General 2026 y es su primera entrega\u00a0 reconoci\u00f3 al presidente de NORCECA, Crist\u00f3bal Marte Hoffiz, por su destacada contribuci\u00f3n al desarrollo del voleibol regional e internacional.<\/p>\n<p>El presidente de AFECAVOL, F\u00e9lix Sabio, destac\u00f3 la importancia de reconocer a quienes han marcado la historia del voleibol en la regi\u00f3n. \u201cEs importante honrar a quienes nos han antecedido y han dejado una huella indeleble en el deporte, no solo en el \u00e1mbito zonal, sino m\u00e1s all\u00e1. Toda la familia del voleibol centroamericano recuerda a Marta como una de las mejores dirigentes que hemos tenido, una verdadera l\u00edder y dama que marc\u00f3 mi vida tanto en lo personal como en el \u00e1mbito deportivo\u201d, afirm\u00f3.<\/p>\n<p>Sobre Marta Centeno, el presidente Sabio record\u00f3 su liderazgo en la organizaci\u00f3n del voleibol centroamericano, su papel en la inserci\u00f3n de la regi\u00f3n en estructuras internacionales como la FIVB y su contribuci\u00f3n a una gobernanza s\u00f3lida del voleibol centroamericano.<\/p>\n<p>Asimismo, resalt\u00f3 que su trabajo ayud\u00f3 a posicionar a AFECAVOL como una de las asociaciones zonales m\u00e1s activas dentro de NORCECA.<\/p>\n<p><strong>Crist\u00f3bal Marte Hoffiz agradece<\/strong><\/p>\n<p>Visiblemente emocionado, Marte agradeci\u00f3 este gesto con estas palabras: \u201cMe honra ser el primer recipiente de este galard\u00f3n, que adem\u00e1s es en honor a una dirigente deportiva que tuve el honor de trabajar a su lado. Marta Centeno fue la primer dirigente de la zona de Centroam\u00e9rica en alcanzar un cargo en el Comit\u00e9 Ejecutivo de la FIVB, representando a la NORCECA con su distinguido liderazgo que la caracteriz\u00f3 durante su gesti\u00f3n\u201d.<\/p>\n<p>Crist\u00f3bal Marte, agreg\u00f3 \u201cLo \u00fanico que he hecho es cumplir con mi deber. Espero que me inviten todos los a\u00f1os a la Asamblea de AFECAVOL y estar presente hasta los \u00faltimos d\u00edas de mi vida\u201d.<\/p>\n<p>El acto estuvo acompa\u00f1ado por un video conmemorativo dedicado a la trayectoria de Marta Centeno de Sajch\u00e9, figura clave del voleibol centroamericano. Durante la ceremonia se dio lectura al acuerdo que crea el galard\u00f3n, el cual fue entregado a su hijo, C\u00e9sar Sajch\u00e9 Centeno, quien asisti\u00f3 junto a su familia.<\/p>\n<p>\u201cElla vivi\u00f3 el voleibol toda la vida. Nos inculc\u00f3 el deporte a todos; nos queda seguir con lo que nos ense\u00f1\u00f3 y continuar el legado que deja el deporte\u201d, expres\u00f3 conmovido Sajch\u00e9 Centeno en sus palabras de agradecimiento.<\/p>\n<p>La Asamblea hizo entrega del galard\u00f3n a Crist\u00f3bal Marte Hoffiz, reconociendo su extraordinaria labor al frente de NORCECA desde 2001, formalizando su designaci\u00f3n como primer recipiendario del galard\u00f3n.<\/p>\n<p>En nombre de las federaciones centroamericanas, Mar\u00eda Jos\u00e9 Corrales, presidenta de la Federaci\u00f3n Costarricense de Voleibol, subray\u00f3 el impacto Marte Hoffiz:<\/p>\n<p>\u201cDesde 2001 no nos ha dejado solos. Trabajar al lado de una persona como usted pone la vara muy alta. Voy a utilizar una de las palabras m\u00e1s lindas de nuestro idioma \u2014 \u2018Gracias\u2019 \u2014 por su liderazgo, su confianza y su permanente apoyo al voleibol centroamericano\u201d.<\/p>\n<p>Entre los acuerdos finales de la Asamblea se aprob\u00f3 que los campeonatos de AFECAVOL pasen a denominarse oficialmente torneos clasificatorios a eventos internacionales, estableciendo adem\u00e1s una ruta clara de clasificaci\u00f3n para competencias regionales y continentales.<\/p>\n<p>Tambi\u00e9n se confirm\u00f3 que la pr\u00f3xima Asamblea General Ordinaria se celebrar\u00e1 en enero de 2027 en la ciudad de Guatemala, donde se definir\u00e1 la sede y fecha de la Asamblea Eleccionaria prevista para noviembre de 2027.<\/p>\n<p>Al clausurar la sesi\u00f3n, F\u00e9lix Sabio expres\u00f3 satisfacci\u00f3n por los logros alcanzados:<br \/>\n\u201cTodo lo que nos hemos propuesto se ha logrado gracias al trabajo de las federaciones nacionales. No es una labor sencilla, vienen a\u00f1os de retos y debemos seguir trabajando juntos, so\u00f1ando en grande y buscando mecanismos creativos para generar ingresos\u201d.<\/p>\n<p>Crist\u00f3bal Marte Hoffiz, al hablar de la Asamblea, destac\u00f3 la importancia de las decisiones adoptadas:\u00a0 \u201cHan sido dos jornadas de mucho trabajo. Se defini\u00f3 lo que haremos este a\u00f1o y los pr\u00f3ximos dentro del marco de las regulaciones y la legalidad. A trabajar se ha dicho.\u201d.<\/p>\n<p>La Asamblea concluy\u00f3 reafirmando el compromiso de AFECAVOL con el fortalecimiento del voleibol centroamericano, honrando su historia y proyectando nuevas metas para el crecimiento regional.<\/p>\n<p>&nbsp;<\/p>\n<p>&nbsp;<\/p>\n<p>El presidente de AFECAVOL, F\u00e9lix Sabio, al momento de entregar la placa de reconocimiento al licenciado Crist\u00f3bal Marte Hoffiz, presidente de la NORCECA en el acto de la AFECAVOL.<\/p>\n","protected":false},"excerpt":{"rendered":"<p>CIUDAD DE GUATEMALA. La Asociaci\u00f3n de Federaciones Centroamericanas de Voleibol (AFECAVOL) cre\u00f3 el Galard\u00f3n \u201cPergamino de Oro Marta Centeno de Sajch\u00e9\u201d durante la Asamblea General 2026 y es su primera entrega\u00a0 reconoci\u00f3 al presidente de NORCECA, Crist\u00f3bal Marte Hoffiz, por su destacada contribuci\u00f3n al desarrollo del voleibol regional e internacional. El presidente de AFECAVOL, F\u00e9lix [&hellip;]<\/p>\n","protected":false},"author":13,"featured_media":136229,"comment_status":"closed","ping_status":"closed","sticky":false,"template":"","format":"standard","meta":[],"categories":[5,2,60],"tags":[100447],"acf":[],"_links":{"self":[{"href":"https:\/\/colimdo.org\/wp-api\/wp\/v2\/posts\/136228"}],"collection":[{"href":"https:\/\/colimdo.org\/wp-api\/wp\/v2\/posts"}],"about":[{"href":"https:\/\/colimdo.org\/wp-api\/wp\/v2\/types\/post"}],"author":[{"embeddable":true,"href":"https:\/\/colimdo.org\/wp-api\/wp\/v2\/users\/13"}],"replies":[{"embeddable":true,"href":"https:\/\/colimdo.org\/wp-api\/wp\/v2\/comments?post=136228"}],"version-history":[{"count":1,"href":"https:\/\/colimdo.org\/wp-api\/wp\/v2\/posts\/136228\/revisions"}],"predecessor-version":[{"id":136230,"href":"https:\/\/colimdo.org\/wp-api\/wp\/v2\/posts\/136228\/revisions\/136230"}],"wp:featuredmedia":[{"embeddable":true,"href":"https:\/\/colimdo.org\/wp-api\/wp\/v2\/media\/136229"}],"wp:attachment":[{"href":"https:\/\/colimdo.org\/wp-api\/wp\/v2\/media?parent=136228"}],"wp:term":[{"taxonomy":"category","embeddable":true,"href":"https:\/\/colimdo.org\/wp-api\/wp\/v2\/categories?post=136228"},{"taxonomy":"post_tag","embeddable":true,"href":"https:\/\/colimdo.org\/wp-api\/wp\/v2\/tags?post=136228"}],"curies":[{"name":"wp","href":"https:\/\/api.w.org\/{rel}","templated":true}]}}