{"id":136295,"date":"2026-02-13T00:37:49","date_gmt":"2026-02-13T00:37:49","guid":{"rendered":"https:\/\/colimdo.org\/?p=136295"},"modified":"2026-02-13T00:37:49","modified_gmt":"2026-02-13T00:37:49","slug":"federacion-de-futbol-inaugura-moderno-centro-de-alto-rendimiento","status":"publish","type":"post","link":"https:\/\/colimdo.org\/noticias\/federacion-de-futbol-inaugura-moderno-centro-de-alto-rendimiento\/","title":{"rendered":"Federaci\u00f3n de F\u00fatbol inaugura moderno Centro de Alto Rendimiento"},"content":{"rendered":"<p>SANTO DOMINGO.- La Federaci\u00f3n Dominicana de F\u00fatbol (FDF) inaugur\u00f3 este jueves su nuevo Centro de Alto Rendimiento (CAR) ubicado en San Crist\u00f3bal, proyecto que se ha ejecutado con el apoyo del Programa FIFA Forward, con la asistencia de la vicepresidenta de la Rep\u00fablica, y autoridades de la FIFA, Concacaf y FDF.<\/p>\n<p>La Rep\u00fablica Dominicana cuenta a partir de ahora con un complejo moderno y de altos est\u00e1ndares para el desarrollo del f\u00fatbol, cuya inversi\u00f3n es de 4,817,071 d\u00f3lares.<\/p>\n<p>El evento fue engalanado con la presencia de las autoridades del pa\u00eds, encabezadas por la vicepresidenta Raquel Pe\u00f1a, el ministro de Deportes Kelvin Cruz, Don Hip\u00f3lito Mej\u00eda -expresidente de la Rep\u00fablica- y Pura Castilla -gobernadora de San Crist\u00f3bal, y el alcalde\u00a0<a href=\"https:\/\/www.google.com\/search?q=Nelson+de+la+Rosa&amp;sca_esv=db6a961703d37008&amp;sxsrf=ANbL-n6zYf6OFHyp0sE8ysEjFAcWVWGHFA%3A1770929306207&amp;ei=mjyOacqjDObv-LYP_6qSyAc&amp;biw=1536&amp;bih=730&amp;oq=alcalde+san+cris&amp;gs_lp=Egxnd3Mtd2l6LXNlcnAiEGFsY2FsZGUgc2FuIGNyaXMqAggAMgUQABiABDIFEAAYgAQyBRAAGIAEMgUQABiABDIGEAAYFhgeMgYQABgWGB4yBhAAGBYYHjIGEAAYFhgeMgYQABgWGB4yBhAAGBYYHkiIGlDrBFjREHAAeAKQAQCYAZYBoAHYBqoBAzYuMrgBAcgBAPgBAZgCCKAC5AXCAgQQABhHwgIKECMYgAQYJxiKBZgDAIgGAZAGCJIHAzIuNqAH6jWyBwMxLja4B-AFwgcFMC40LjTIBxmACAA&amp;sclient=gws-wiz-serp&amp;ved=2ahUKEwi4ioPk6dSSAxX15ckDHY6lErgQgK4QegYIAQgAEAQ\">Nelson de la Rosa<\/a>.<\/p>\n<p>El Comit\u00e9 Ejecutivo de la FDF, encabezado por su presidente el Sr. Jos\u00e9 Francisco Deschamps, representaron a la FDF. El Ingeniero Manuel Estrella -presidente de la Comisi\u00f3n de Selecciones Nacionales- y Do\u00f1a Janet Rivera -miembro de la Comisi\u00f3n de Selecciones Nacionales, acompa\u00f1aron a las m\u00e1ximas autoridades del f\u00fatbol dominicano.<\/p>\n<p>Asistieron adem\u00e1s los se\u00f1ores Rodolfo Villalobos -miembro del Consejo de la FIFA-, Jair Bertoni -director de la Subdivisi\u00f3n de Federaciones Miembro (Am\u00e9rica)-, Sergio Palacios -gerente de desarrollo de la Oficina Regional de la FIFA en Panam\u00e1-, y Jos\u00e9 Rodr\u00edguez -jefe de la Oficina Regional de la FIFA, responsable directo de la obra CAR.<\/p>\n<p>Por la Concacaf estuvieron presentes Mario Monterrosa -Director de Asuntos Asociaciones Miembros de Norte y Centro Am\u00e9rica-, y Alejandro Lesende, Director de Finanzas.<\/p>\n<p>En medio de la actividad, fue presentado un video del presidente de la FIFA, Gianni Infantino, quien elogi\u00f3 el trabajo tesonero de la FDF, adem\u00e1s de la implementaci\u00f3n del lugar que ser\u00e1 de beneficio para los atletas de las diferentes selecciones.<\/p>\n<p>El CAR de la FDF inaugur\u00f3 en esta etapa inicial dos canchas con medidas oficiales FIFA de grama natural, el edificio principal de dos niveles que cuenta con capacidad para albergar dos selecciones -12 habitaciones cu\u00e1druples, 2 habitaciones sencillas para t\u00e9cnicos y 4 habitaciones dobles para cuerpo t\u00e9cnico, adem\u00e1s de 2 \u00e1reas de descanso y juegos-, oficinas administrativas, sal\u00f3n de reuniones, sal\u00f3n de prensa y capacitaciones, cocina, comedor, lavander\u00eda, ba\u00f1os y terraza.<\/p>\n<p>Adem\u00e1s, cuenta con el edificio de mantenimiento con sus respectivos almacenes para maquinarias, y ba\u00f1os y vestidores para el personal de servicio.\u00a0En esta fase de modernizaci\u00f3n del CAR tambi\u00e9n fue ejecutado el vallado perimetral.<\/p>\n<p>Este complejo ser\u00e1 para el beneficio directo de las selecciones nacionales, los entrenadores, los \u00e1rbitros y de todo el entorno del f\u00fatbol dominicano.<\/p>\n<p>Este es un megaproyecto que apenas ha completado sus etapas iniciales y que continuar\u00e1 potenci\u00e1ndose a largo plazo hasta contar con todos los espacios que permitan ofrecer las facilidades a todas las modalidades del balompi\u00e9 en nuestro pa\u00eds.<\/p>\n","protected":false},"excerpt":{"rendered":"<p>SANTO DOMINGO.- La Federaci\u00f3n Dominicana de F\u00fatbol (FDF) inaugur\u00f3 este jueves su nuevo Centro de Alto Rendimiento (CAR) ubicado en San Crist\u00f3bal, proyecto que se ha ejecutado con el apoyo del Programa FIFA Forward, con la asistencia de la vicepresidenta de la Rep\u00fablica, y autoridades de la FIFA, Concacaf y FDF. La Rep\u00fablica Dominicana cuenta [&hellip;]<\/p>\n","protected":false},"author":13,"featured_media":136296,"comment_status":"closed","ping_status":"closed","sticky":false,"template":"","format":"standard","meta":[],"categories":[3,2,60],"tags":[101125],"acf":[],"_links":{"self":[{"href":"https:\/\/colimdo.org\/wp-api\/wp\/v2\/posts\/136295"}],"collection":[{"href":"https:\/\/colimdo.org\/wp-api\/wp\/v2\/posts"}],"about":[{"href":"https:\/\/colimdo.org\/wp-api\/wp\/v2\/types\/post"}],"author":[{"embeddable":true,"href":"https:\/\/colimdo.org\/wp-api\/wp\/v2\/users\/13"}],"replies":[{"embeddable":true,"href":"https:\/\/colimdo.org\/wp-api\/wp\/v2\/comments?post=136295"}],"version-history":[{"count":1,"href":"https:\/\/colimdo.org\/wp-api\/wp\/v2\/posts\/136295\/revisions"}],"predecessor-version":[{"id":136297,"href":"https:\/\/colimdo.org\/wp-api\/wp\/v2\/posts\/136295\/revisions\/136297"}],"wp:featuredmedia":[{"embeddable":true,"href":"https:\/\/colimdo.org\/wp-api\/wp\/v2\/media\/136296"}],"wp:attachment":[{"href":"https:\/\/colimdo.org\/wp-api\/wp\/v2\/media?parent=136295"}],"wp:term":[{"taxonomy":"category","embeddable":true,"href":"https:\/\/colimdo.org\/wp-api\/wp\/v2\/categories?post=136295"},{"taxonomy":"post_tag","embeddable":true,"href":"https:\/\/colimdo.org\/wp-api\/wp\/v2\/tags?post=136295"}],"curies":[{"name":"wp","href":"https:\/\/api.w.org\/{rel}","templated":true}]}}